{"id":150798,"date":"2023-01-30T21:56:51","date_gmt":"2023-01-30T19:56:51","guid":{"rendered":"https:\/\/www.sekundomer.ee\/?p=150798"},"modified":"2023-01-30T21:56:51","modified_gmt":"2023-01-30T19:56:51","slug":"eesti-jalgpalli-liit-malestab-vadim-dobizat","status":"publish","type":"post","link":"https:\/\/www.sekundomer.ee\/et\/uudised\/eesti-jalgpalli-liit-malestab-vadim-dobizat\/","title":{"rendered":"Eesti Jalgpalli Liit m\u00e4lestab Vadim Dobi\u017eat"},"content":{"rendered":"<p>Eesti Jalgpalli Liit (EJL) m\u00e4lestab staa\u017eikat jalgpallitreenerit, raske haiguse tagaj\u00e4rjel 81-aastaselt meie hulgast lahkunud Vadim Dobi\u017eat (26.02.1941\u201329.01.2023).<\/p>\n<p>Ukraina p\u00e4ritolu Dobi\u017ea oli kodumaal k\u00f5rgelt hinnatud treener, tegutsedes pikki aastaid peamiselt Luhanskis. 2006. aastast alates t\u00f6\u00f6tas Dobi\u017ea Eestis, kus juhendas Ida-Virumaal peamiselt JK Sillam\u00e4e Kalevi t\u00e4iskasvanuid ja noori jalgpallureid. Dobi\u017ea oli JK Sillam\u00e4e Kalevi esindusmeeskonna peatreener ka k\u00f5rgliigas.<\/p>\n<p>Eesti Jalgpalli Liit avaldab kaastunnet Vadim Dobi\u017ea l\u00e4hedastele ja kogu jalgpalliperele.<\/p>\n","protected":false},"excerpt":{"rendered":"<p>Eesti Jalgpalli Liit (EJL) m\u00e4lestab staa\u017eikat jalgpallitreenerit, raske haiguse tagaj\u00e4rjel 81-aastaselt meie hulgast lahkunud Vadim Dobi\u017eat (26.02.1941\u201329.01.2023). Ukraina p\u00e4ritolu Dobi\u017ea oli kodumaal k\u00f5rgelt hinnatud treener, tegutsedes pikki aastaid peamiselt Luhanskis. 2006. aastast alates t\u00f6\u00f6tas Dobi\u017ea Eestis, kus juhendas Ida-Virumaal peamiselt JK Sillam\u00e4e Kalevi t\u00e4iskasvanuid ja noori jalgpallureid. Dobi\u017ea oli JK Sillam\u00e4e Kalevi esindusmeeskonna peatreener ka [&hellip;]<\/p>\n","protected":false},"author":80,"featured_media":150799,"comment_status":"open","ping_status":"open","sticky":false,"template":"","format":"standard","meta":{"_seopress_robots_primary_cat":"none","_seopress_titles_title":"","_seopress_titles_desc":"","_seopress_robots_index":"","footnotes":""},"categories":[203,142],"tags":[],"class_list":{"0":"post-150798","1":"post","2":"type-post","3":"status-publish","4":"format-standard","5":"has-post-thumbnail","7":"category-jalgpall","8":"category-uudised"},"_links":{"self":[{"href":"https:\/\/www.sekundomer.ee\/et\/wp-json\/wp\/v2\/posts\/150798","targetHints":{"allow":["GET"]}}],"collection":[{"href":"https:\/\/www.sekundomer.ee\/et\/wp-json\/wp\/v2\/posts"}],"about":[{"href":"https:\/\/www.sekundomer.ee\/et\/wp-json\/wp\/v2\/types\/post"}],"author":[{"embeddable":true,"href":"https:\/\/www.sekundomer.ee\/et\/wp-json\/wp\/v2\/users\/80"}],"replies":[{"embeddable":true,"href":"https:\/\/www.sekundomer.ee\/et\/wp-json\/wp\/v2\/comments?post=150798"}],"version-history":[{"count":0,"href":"https:\/\/www.sekundomer.ee\/et\/wp-json\/wp\/v2\/posts\/150798\/revisions"}],"wp:featuredmedia":[{"embeddable":true,"href":"https:\/\/www.sekundomer.ee\/et\/wp-json\/wp\/v2\/media\/150799"}],"wp:attachment":[{"href":"https:\/\/www.sekundomer.ee\/et\/wp-json\/wp\/v2\/media?parent=150798"}],"wp:term":[{"taxonomy":"category","embeddable":true,"href":"https:\/\/www.sekundomer.ee\/et\/wp-json\/wp\/v2\/categories?post=150798"},{"taxonomy":"post_tag","embeddable":true,"href":"https:\/\/www.sekundomer.ee\/et\/wp-json\/wp\/v2\/tags?post=150798"}],"curies":[{"name":"wp","href":"https:\/\/api.w.org\/{rel}","templated":true}]}}