{"id":151454,"date":"2023-02-21T17:46:13","date_gmt":"2023-02-21T15:46:13","guid":{"rendered":"https:\/\/www.sekundomer.ee\/?p=151454"},"modified":"2023-02-21T17:46:13","modified_gmt":"2023-02-21T15:46:13","slug":"kergejoustiku-euroopa-sisemeistrivoistlustele-soidab-viieliikmeline-eesti-koondis","status":"publish","type":"post","link":"https:\/\/www.sekundomer.ee\/et\/uudised\/kergejoustiku-euroopa-sisemeistrivoistlustele-soidab-viieliikmeline-eesti-koondis\/","title":{"rendered":"Kergej\u00f5ustiku Euroopa sisemeistriv\u00f5istlustele s\u00f5idab viieliikmeline Eesti koondis"},"content":{"rendered":"<p>Eesti Kergej\u00f5ustikuliidu juhatus kinnitas t\u00e4na viieliikmelise Eesti koondise, kes s\u00f5idab 2.-5. m\u00e4rtsil Istanbulis toimuvatele Euroopa sisemeistriv\u00f5istlustele.<\/p>\n<p>Eesti koondisesse kuuluvad normi t\u00e4itnud k\u00f5rgush\u00fcppaja Karmen Bruus, sprinter Karl Erik Nazarov ning mitmev\u00f5istlejad Hans-Christian Hausenberg ja Maicel Uibo. Reitingupunktide alusel p\u00e4\u00e4seb v\u00f5istlema ka mitmev\u00f5istleja Risto Lillemets.<\/p>\n<p>Abipersonalina s\u00f5idavad T\u00fcrki koondise juht Harry Lemberg, treenerid Kersti Viru ja Andrei Nazarov ning f\u00fcsioterapeut Risto Jamnes.<\/p>\n<p>Oma valmisolekut v\u00f5istlemiseks on kinnitanud ka sprinter \u00d5ilme V\u00f5ro ja t\u00f5kkejooksja Diana Suumann, kellel on v\u00f5imalus reitingupunktide alusel veel v\u00f5istlema p\u00e4\u00e4seda, kui eestpoolt m\u00f5ni sportlane osalemisest loobub.<\/p>\n<p><em>Fotod: Marko Mumm\/EKJL, Guntis B\u0113rzi\u0146\u0161<br \/>\nPressiteade<\/p>\n<p><\/em><\/p>\n","protected":false},"excerpt":{"rendered":"<p>Eesti Kergej\u00f5ustikuliidu juhatus kinnitas t\u00e4na viieliikmelise Eesti koondise, kes s\u00f5idab 2.-5. m\u00e4rtsil Istanbulis toimuvatele Euroopa sisemeistriv\u00f5istlustele. Eesti koondisesse kuuluvad normi t\u00e4itnud k\u00f5rgush\u00fcppaja Karmen Bruus, sprinter Karl Erik Nazarov ning mitmev\u00f5istlejad Hans-Christian Hausenberg ja Maicel Uibo. Reitingupunktide alusel p\u00e4\u00e4seb v\u00f5istlema ka mitmev\u00f5istleja Risto Lillemets. Abipersonalina s\u00f5idavad T\u00fcrki koondise juht Harry Lemberg, treenerid Kersti Viru ja Andrei [&hellip;]<\/p>\n","protected":false},"author":80,"featured_media":151455,"comment_status":"open","ping_status":"open","sticky":false,"template":"","format":"standard","meta":{"_seopress_robots_primary_cat":"none","_seopress_titles_title":"","_seopress_titles_desc":"","_seopress_robots_index":"","footnotes":""},"categories":[201,142],"tags":[],"class_list":{"0":"post-151454","1":"post","2":"type-post","3":"status-publish","4":"format-standard","5":"has-post-thumbnail","7":"category-kergejoustik","8":"category-uudised"},"_links":{"self":[{"href":"https:\/\/www.sekundomer.ee\/et\/wp-json\/wp\/v2\/posts\/151454","targetHints":{"allow":["GET"]}}],"collection":[{"href":"https:\/\/www.sekundomer.ee\/et\/wp-json\/wp\/v2\/posts"}],"about":[{"href":"https:\/\/www.sekundomer.ee\/et\/wp-json\/wp\/v2\/types\/post"}],"author":[{"embeddable":true,"href":"https:\/\/www.sekundomer.ee\/et\/wp-json\/wp\/v2\/users\/80"}],"replies":[{"embeddable":true,"href":"https:\/\/www.sekundomer.ee\/et\/wp-json\/wp\/v2\/comments?post=151454"}],"version-history":[{"count":0,"href":"https:\/\/www.sekundomer.ee\/et\/wp-json\/wp\/v2\/posts\/151454\/revisions"}],"wp:featuredmedia":[{"embeddable":true,"href":"https:\/\/www.sekundomer.ee\/et\/wp-json\/wp\/v2\/media\/151455"}],"wp:attachment":[{"href":"https:\/\/www.sekundomer.ee\/et\/wp-json\/wp\/v2\/media?parent=151454"}],"wp:term":[{"taxonomy":"category","embeddable":true,"href":"https:\/\/www.sekundomer.ee\/et\/wp-json\/wp\/v2\/categories?post=151454"},{"taxonomy":"post_tag","embeddable":true,"href":"https:\/\/www.sekundomer.ee\/et\/wp-json\/wp\/v2\/tags?post=151454"}],"curies":[{"name":"wp","href":"https:\/\/api.w.org\/{rel}","templated":true}]}}