{"id":152031,"date":"2023-03-15T09:40:07","date_gmt":"2023-03-15T07:40:07","guid":{"rendered":"https:\/\/www.sekundomer.ee\/?p=152031"},"modified":"2023-03-15T09:40:07","modified_gmt":"2023-03-15T07:40:07","slug":"suusasprindi-mk-etapp-tallinnas-suusaliit-kinnitas-eesti-koondise-koosseisu","status":"publish","type":"post","link":"https:\/\/www.sekundomer.ee\/et\/uudised\/suusasprindi-mk-etapp-tallinnas-suusaliit-kinnitas-eesti-koondise-koosseisu\/","title":{"rendered":"Suusasprindi MK-etapp Tallinnas:\u00a0 Suusaliit kinnitas Eesti koondise koosseisu"},"content":{"rendered":"<div class=\"newsIntro\">\n<p>21. m\u00e4rtsi \u00f5htul Tallinna lauluv\u00e4ljakul toimuval suusasprindi maailma karikasarja eelviimasel etapil on kohal \u00fcle 130 suusataja 21 riigist. Starti tulevad k\u00f5ik hooaja liidrid, sest punktitabeli seis on pingeline ning Tallinna etapp saab olema sportlaste jaoks oluline punktide teenimise v\u00f5imalus.<\/p>\n<p>Korraldajamaa saab Eesti koondise koosseisus rajale lubada nii tosin meest kui naist. Eesti Suusaliidu murdmaasuusatamise alakomitee juhatuse koosolekut vedanud juhatuse liikme Vahur Teppani s\u00f5nul anti koondise nimekiri rahvusvahelisele suusaliidule \u00fcle 13. m\u00e4rtsi hilis\u00f5htul.<\/p>\n<p>\u201ePingerida on koostatud murdmaasuusatajate k\u00e4imasoleva talvehooaja parima \u00fchekordse FIS punkti alusel ja \u00fchtlasi l\u00e4htusime p\u00f5him\u00f5ttest anda MK-etapil osalemiseks v\u00f5imalus Eesti murdmaasuusatamise uuele generatsioonile. Neile, kes on selle ala valinud ning teevad oma eesm\u00e4rkide nimel silmn\u00e4htavalt tublisti t\u00f6\u00f6d,\u201c r\u00f5hutas Teppan.<\/p>\n<\/div>\n<div>\n<p>Eesti koondise koosseisus s\u00f5idavad:<\/p>\n<p><strong>Mehed:<\/strong>\u00a0Alvar Johannes Alev, Marko Kilp, Martin Himma, Henri Roos, Kaarel Kasper K\u00f5rge, Karl Sebastian Dremljuga, Olle Ilmar Jaama, Ralf Kivil, Anders Veerpalu, Toni Andree Saarepuu, Lars Piirmann ja Kaspar P\u00e4\u00e4rson.<\/p>\n<p><strong>Naised:<\/strong> Kaidy Kaasiku, Keidy Kaasiku, Aveli Uustalu, \u00d5nnela Rodendau, Teesi Tuul, Teiloora Ojaste, Greete-Liisa Toom, Gerda Kivil, Laura L\u00e4\u00e4n, Emma Roberta Rajando, Triinu Kresmer ja Herta Rajas.<\/p>\n<p>Endine tippsuusataja Anti Saarepuu ootab oma poja Toni Andree starti suure elevusega. Haanjas suusakeskust vedav mees leiab, et tippspordi unistusega Eesti noortele suusatajale on see elamus kogu eluks.<\/p>\n<p>\u201eV\u00e4ga vinge, et MK-etapp Eestis j\u00e4lle toimub ning see on toodud inimestele sisuliselt Tallinna kesklinna koju k\u00e4tte. Kuna korraldajamaa saab v\u00e4lja panna rohkem osalejaid, siis peabki seda v\u00f5imalust just Eesti murdmaasuusatamise uuele generatsioonile pakkuma. Jah, maailma tippudest j\u00e4\u00e4vad nad kaugele, aga oma poja n\u00e4itel v\u00f5in \u00f6elda, et Toni Andree v\u00f5tab seda kui v\u00f5imalust testida, kus on tema piir ja tase t\u00e4na ning kuhu on vaja j\u00f5uda. Selles suhtes on see noortele kindlasti t\u00e4htis ja m\u00f5jub innustavalt.\u201c<\/p>\n<p>Tippspordi unistusega Toni Andree Saarepuu on v\u00f5tnud eesm\u00e4rgiks isa tulemuste \u00fcle tegemise. \u201eSee t\u00e4hendab ol\u00fcmpiam\u00e4ngude ja maailmameistriv\u00f5istluste finaali j\u00f5udmist,\u201c t\u00e4psustab Anti Saarepuu. \u201eSamas on poeg \u00f6elnud, et kui ta meeste klassi j\u00f5udes n\u00e4eb, et need tulemused on temast valgusaastate kaugusel, siis valib ta spordi asemel kooli. Hetkel on sihid seatud k\u00f5rgele ja eks siis n\u00e4is, mis pilt meile nelja aasta p\u00e4rast avaneb.\u201c<\/p>\n<p><strong>V\u00f5istluste ajakava<\/strong><br \/>\nTeisip\u00e4ev, 21. m\u00e4rts, Tallinna lauluv\u00e4ljak<\/p>\n<p>17.00 naiste kvalifikatsioon<br \/>\n17.35 meeste kvalifikatsioon<br \/>\n18.00 5miinust kontsert<br \/>\n19.30 finaalid: naiste 1\/4-finaal, meeste 1\/4-finaal, naiste 1\/2-finaal, meeste 1\/2-finaal, naiste finaal, meeste finaal<br \/>\n21.00 Lilletseremoonia.<\/p>\n<\/div>\n","protected":false},"excerpt":{"rendered":"<p>21. m\u00e4rtsi \u00f5htul Tallinna lauluv\u00e4ljakul toimuval suusasprindi maailma karikasarja eelviimasel etapil on kohal \u00fcle 130 suusataja 21 riigist. Starti tulevad k\u00f5ik hooaja liidrid, sest punktitabeli seis on pingeline ning Tallinna etapp saab olema sportlaste jaoks oluline punktide teenimise v\u00f5imalus. Korraldajamaa saab Eesti koondise koosseisus rajale lubada nii tosin meest kui naist. Eesti Suusaliidu murdmaasuusatamise alakomitee [&hellip;]<\/p>\n","protected":false},"author":80,"featured_media":152032,"comment_status":"open","ping_status":"open","sticky":false,"template":"","format":"standard","meta":{"_seopress_robots_primary_cat":"none","_seopress_titles_title":"","_seopress_titles_desc":"","_seopress_robots_index":"","footnotes":""},"categories":[197,142],"tags":[],"class_list":{"0":"post-152031","1":"post","2":"type-post","3":"status-publish","4":"format-standard","5":"has-post-thumbnail","7":"category-murdmaa","8":"category-uudised"},"_links":{"self":[{"href":"https:\/\/www.sekundomer.ee\/et\/wp-json\/wp\/v2\/posts\/152031","targetHints":{"allow":["GET"]}}],"collection":[{"href":"https:\/\/www.sekundomer.ee\/et\/wp-json\/wp\/v2\/posts"}],"about":[{"href":"https:\/\/www.sekundomer.ee\/et\/wp-json\/wp\/v2\/types\/post"}],"author":[{"embeddable":true,"href":"https:\/\/www.sekundomer.ee\/et\/wp-json\/wp\/v2\/users\/80"}],"replies":[{"embeddable":true,"href":"https:\/\/www.sekundomer.ee\/et\/wp-json\/wp\/v2\/comments?post=152031"}],"version-history":[{"count":0,"href":"https:\/\/www.sekundomer.ee\/et\/wp-json\/wp\/v2\/posts\/152031\/revisions"}],"wp:featuredmedia":[{"embeddable":true,"href":"https:\/\/www.sekundomer.ee\/et\/wp-json\/wp\/v2\/media\/152032"}],"wp:attachment":[{"href":"https:\/\/www.sekundomer.ee\/et\/wp-json\/wp\/v2\/media?parent=152031"}],"wp:term":[{"taxonomy":"category","embeddable":true,"href":"https:\/\/www.sekundomer.ee\/et\/wp-json\/wp\/v2\/categories?post=152031"},{"taxonomy":"post_tag","embeddable":true,"href":"https:\/\/www.sekundomer.ee\/et\/wp-json\/wp\/v2\/tags?post=152031"}],"curies":[{"name":"wp","href":"https:\/\/api.w.org\/{rel}","templated":true}]}}