{"id":153308,"date":"2023-05-16T15:59:08","date_gmt":"2023-05-16T12:59:08","guid":{"rendered":"https:\/\/www.sekundomer.ee\/?p=153308"},"modified":"2023-05-16T15:59:08","modified_gmt":"2023-05-16T12:59:08","slug":"homme-algavatel-iluvoimlemise-euroopa-meistrivoistlustel-astuvad-voistlustulle-kreitsman-ja-beljajeva-ning-ruhmkava-koondised","status":"publish","type":"post","link":"https:\/\/www.sekundomer.ee\/et\/uudised\/homme-algavatel-iluvoimlemise-euroopa-meistrivoistlustel-astuvad-voistlustulle-kreitsman-ja-beljajeva-ning-ruhmkava-koondised\/","title":{"rendered":"Homme algavatel iluv\u00f5imlemise Euroopa meistriv\u00f5istlustel astuvad v\u00f5istlustulle Kreitsman ja Beljajeva ning r\u00fchmkava koondised"},"content":{"rendered":"<p>Sel n\u00e4dalal kogunevad Aserbaid\u017eaani pealinna Bakuusse Euroopa parimad iluv\u00f5imlejad, et selgitada v\u00e4lja kontinendi meistrid. Eesti on esindatud k\u00f5igis iluv\u00f5imlemise distsipliinides \u2013 juunioride r\u00fchmkava, r\u00fchmkava rahvuskoondis ning individuaalv\u00f5imlejad Ester Kreitsman ning Adelina Beljajeva.<\/p>\n<p>Ettevalmistus EM-iks oli viperustega &#8211; vigastuse t\u00f5ttu pidi kolm p\u00e4eva enne delegatsiooni v\u00e4ljas\u00f5itu osalemisest loobuma Melany Keler. Eesti esinumber Polina Murashko peale aprilli l\u00f5pus saadud vigastust treeningute juurde ei naasnud. V\u00f5itlust p\u00e4\u00e4semise eest individuaalide mitmev\u00f5istluse finaali j\u00e4tkavad 15-aastane Ester Kreitsman ning 2018 noorte ol\u00fcmpiam\u00e4ngude osaleja Adelina Beljajeva. Juunioride r\u00fchmkava koondise koosseisu kuuluvad Nika Oborskaja, Polina Tubaleva, Elys Kretelle Kukk, Kamila Grigorenko ja Meibel Kudak, treenerid Julia Tjomu\u0161kina ja Irina Stadnik. Rahvuskoondise koosseisu kuuluvad Kiara Oja, Maria Muravjova, Victoria Puusepp, Vanessa Vulf ja Ksenja O\u017eigina, treenerid Natalja Best\u0161astnaja ja Maria Susi.<\/p>\n<p>Kokku osaleb Euroopa meistriv\u00f5istlustel 22 juunioride r\u00fchma, 19 meistriklassi r\u00fchma ning 77 meistriklassi individuaalv\u00f5imlejat. Eesti koondis l\u00e4heb p\u00fc\u00fcdma individuaalv\u00f5imlejate riikide arvestuse 12-st parima sekka p\u00e4\u00e4semist. See annab \u00f5iguse j\u00e4rgmisel MM-l ja MK-etappidel osaleda enama kui \u00fche v\u00f5imlejaga. Eelmisel aastal Iisraelis toimunud Euroopa meistriv\u00f5istlustel j\u00e4i Eesti 13. kohale.<\/p>\n<p>Bakuu Euroopa meistriv\u00f5istluste favoriidid on valitsev maailmameister Sofia Raffaeli (ITA), Euroopa meister Boryana Kaleyn (BUL) ning kurikakava maailmameister Daria Varfolomeev (GER). R\u00fchmade medalite pretendendid on ol\u00fcmpiav\u00f5ita Bulgaaria, OM-i pronksmedalist Itaalia ning maailmameistriv\u00f5istluste medalistid &#8211; Israel, Aserbaid\u017eaan ja Hispaania.<\/p>\n<p>EM-i ametlik koduleht <strong><span style=\"color: #008000;\"><a style=\"color: #008000;\" href=\"https:\/\/www.europeangymnastics.com\/event\/2023-european-championships-rhythmic-gymnastics\/overview\">SIIN<\/a><\/span><\/strong>.<\/p>\n<p><em>Pressiteade<\/em><br \/>\n<em>Foto: Indrek Kask<\/em><\/p>\n","protected":false},"excerpt":{"rendered":"<p>Sel n\u00e4dalal kogunevad Aserbaid\u017eaani pealinna Bakuusse Euroopa parimad iluv\u00f5imlejad, et selgitada v\u00e4lja kontinendi meistrid. Eesti on esindatud k\u00f5igis iluv\u00f5imlemise distsipliinides \u2013 juunioride r\u00fchmkava, r\u00fchmkava rahvuskoondis ning individuaalv\u00f5imlejad Ester Kreitsman ning Adelina Beljajeva. Ettevalmistus EM-iks oli viperustega &#8211; vigastuse t\u00f5ttu pidi kolm p\u00e4eva enne delegatsiooni v\u00e4ljas\u00f5itu osalemisest loobuma Melany Keler. Eesti esinumber Polina Murashko peale aprilli [&hellip;]<\/p>\n","protected":false},"author":80,"featured_media":153309,"comment_status":"open","ping_status":"open","sticky":false,"template":"","format":"standard","meta":{"_seopress_robots_primary_cat":"none","_seopress_titles_title":"","_seopress_titles_desc":"","_seopress_robots_index":"","footnotes":""},"categories":[142,161],"tags":[],"class_list":{"0":"post-153308","1":"post","2":"type-post","3":"status-publish","4":"format-standard","5":"has-post-thumbnail","7":"category-uudised","8":"category-voimlemine"},"_links":{"self":[{"href":"https:\/\/www.sekundomer.ee\/et\/wp-json\/wp\/v2\/posts\/153308","targetHints":{"allow":["GET"]}}],"collection":[{"href":"https:\/\/www.sekundomer.ee\/et\/wp-json\/wp\/v2\/posts"}],"about":[{"href":"https:\/\/www.sekundomer.ee\/et\/wp-json\/wp\/v2\/types\/post"}],"author":[{"embeddable":true,"href":"https:\/\/www.sekundomer.ee\/et\/wp-json\/wp\/v2\/users\/80"}],"replies":[{"embeddable":true,"href":"https:\/\/www.sekundomer.ee\/et\/wp-json\/wp\/v2\/comments?post=153308"}],"version-history":[{"count":0,"href":"https:\/\/www.sekundomer.ee\/et\/wp-json\/wp\/v2\/posts\/153308\/revisions"}],"wp:featuredmedia":[{"embeddable":true,"href":"https:\/\/www.sekundomer.ee\/et\/wp-json\/wp\/v2\/media\/153309"}],"wp:attachment":[{"href":"https:\/\/www.sekundomer.ee\/et\/wp-json\/wp\/v2\/media?parent=153308"}],"wp:term":[{"taxonomy":"category","embeddable":true,"href":"https:\/\/www.sekundomer.ee\/et\/wp-json\/wp\/v2\/categories?post=153308"},{"taxonomy":"post_tag","embeddable":true,"href":"https:\/\/www.sekundomer.ee\/et\/wp-json\/wp\/v2\/tags?post=153308"}],"curies":[{"name":"wp","href":"https:\/\/api.w.org\/{rel}","templated":true}]}}