{"id":153648,"date":"2023-06-06T20:44:15","date_gmt":"2023-06-06T17:44:15","guid":{"rendered":"https:\/\/www.sekundomer.ee\/?p=153648"},"modified":"2023-06-06T20:44:15","modified_gmt":"2023-06-06T17:44:15","slug":"peatreener-thomas-haberli-avalikustas-nimekirja-25-mangijaga","status":"publish","type":"post","link":"https:\/\/www.sekundomer.ee\/et\/uudised\/peatreener-thomas-haberli-avalikustas-nimekirja-25-mangijaga\/","title":{"rendered":"Peatreener Thomas H\u00e4berli avalikustas nimekirja 25 m\u00e4ngijaga"},"content":{"rendered":"<p>Meeste koondis kohtub juunis EM-valikm\u00e4ngudes Aserbaid\u017eaani ja Belgiaga. Peatreener Thomas H\u00e4berli avalikustas koosseisu 25 m\u00e4ngijaga, kes kogunevad esmasp\u00e4eval.<\/p>\n<p>Tervislikel p\u00f5hjustel j\u00e4\u00e4vad eemale Sergei Zenjov, Artur Pikk, Maksim Paskot\u0161i, Marko Lipp, Ken Kallaste, Henrik P\u00fcrg, Markus Soomets.<\/p>\n<p>Meeste koondise j\u00e4rgmine m\u00e4ng toimub 17. juunil Bakuus Aserbaid\u017eaaniga. Aasta esimene kodum\u00e4ng leiab aset 20. juunil A. Le Coq Arenal, kus v\u00f5\u00f5rustame EM-valikkohtumises Belgiat.<\/p>\n<p>Eesti meeste koondise koosseis juuni m\u00e4rgudeks:<\/p>\n<p><strong>V\u00e4ravavahid<\/strong><br \/>\nKarl Jakob Hein (13.04.2002) \u2013 Arsenal FC (ENG) 20\/0<br \/>\nMatvei Igonen (02.10.1996) \u2013 Bielsko-Biala Podbeskidzie (POL) 14\/0<br \/>\nKarl Andre Vallner (28.02.1998) \u2013 Tallinna FCI Levadia 1\/0<\/p>\n<p><strong>Kaitsjad<\/strong><br \/>\nTaijo Teniste (31.01.1988) \u2013 Tartu JK Tammeka 97\/1<br \/>\nKarol Mets (16.05.1993) \u2013 FC St. Pauli (GER) 85\/0<br \/>\nJoonas Tamm (02.02.1992) \u2013 Bukaresti FCSB (ROU) 53\/4<br \/>\nNikita Baranov (19.08.1992) \u2013 Jerevani FC Pjunik (ARM) 46\/0<br \/>\nM\u00e4rten Kuusk (05.04.1996) \u2013 Tallinna FC Flora (laenul Ujpest FC-st) 23\/0<br \/>\nMichael Lilander (20.06.1997) \u2013 Tallinna FC Flora 15\/0<br \/>\nRasmus Peetson (03.05.1995) \u2013 Tallinna FCI Levadia 6\/1<br \/>\nMarco Lukka (04.12.1996) \u2013 Tallinna FC Flora 4\/0<br \/>\nEdgar Tur (28.12.1996) \u2013 Tallinna FCI Levadia 2\/0<\/p>\n<p><strong>Poolkaitsjad ja r\u00fcndajad<\/strong><br \/>\nKonstantin Vassiljev (16.08.1984) \u2013 Tallinna FC Flora 150\/26<br \/>\nHenri Anier (17.12.1990) \u2013 klubita 84\/21<br \/>\nHenrik Ojamaa (20.05.1991) \u2013 Tallinna FC Flora 58\/1<br \/>\nRauno Sappinen (23.01.1996) \u2013 Mieleci Stal (POL) 51\/11<br \/>\nMattias K\u00e4it (29.06.1998) \u2013 FC Rapid (ROU) 47\/8<br \/>\nErik Sorga (08.07.1999) \u2013 Plovdivi Lokomotiv (BUL) 25\/4<br \/>\nMartin Miller (25.09.1997) \u2013 Tallinna FC Flora 24\/1<br \/>\nVlasiy Sinyavskiy (27.11.1996) \u2013 FC Slovacko (CZE) 24\/0<br \/>\nMarkus Poom (27.02.1999) \u2013 Shamrock Rovers FC (IRL) 15\/0<br \/>\nGeorgi Tunjov (17.04.2001) \u2013 SPAL (ITA) 10\/0<br \/>\nRocco Robert Shein (14.07.2003) \u2013 FC Utrecht (NED) 5\/0<br \/>\nSten Reinkort (29.04.1998) \u2013 Tallinna FC Flora 3\/0<br \/>\nMartin Vetkal (21.02.2004) &#8211; AS Roma (ITA) 0\/0<br \/>\nPeatreener: Thomas H\u00e4berli<\/p>\n<p><em>EJLi pressiteenistus<\/em><\/p>\n","protected":false},"excerpt":{"rendered":"<p>Meeste koondis kohtub juunis EM-valikm\u00e4ngudes Aserbaid\u017eaani ja Belgiaga. Peatreener Thomas H\u00e4berli avalikustas koosseisu 25 m\u00e4ngijaga, kes kogunevad esmasp\u00e4eval. Tervislikel p\u00f5hjustel j\u00e4\u00e4vad eemale Sergei Zenjov, Artur Pikk, Maksim Paskot\u0161i, Marko Lipp, Ken Kallaste, Henrik P\u00fcrg, Markus Soomets. Meeste koondise j\u00e4rgmine m\u00e4ng toimub 17. juunil Bakuus Aserbaid\u017eaaniga. Aasta esimene kodum\u00e4ng leiab aset 20. juunil A. Le Coq [&hellip;]<\/p>\n","protected":false},"author":80,"featured_media":153649,"comment_status":"open","ping_status":"open","sticky":false,"template":"","format":"standard","meta":{"_seopress_robots_primary_cat":"none","_seopress_titles_title":"","_seopress_titles_desc":"","_seopress_robots_index":"","footnotes":""},"categories":[203,142],"tags":[],"class_list":{"0":"post-153648","1":"post","2":"type-post","3":"status-publish","4":"format-standard","5":"has-post-thumbnail","7":"category-jalgpall","8":"category-uudised"},"_links":{"self":[{"href":"https:\/\/www.sekundomer.ee\/et\/wp-json\/wp\/v2\/posts\/153648","targetHints":{"allow":["GET"]}}],"collection":[{"href":"https:\/\/www.sekundomer.ee\/et\/wp-json\/wp\/v2\/posts"}],"about":[{"href":"https:\/\/www.sekundomer.ee\/et\/wp-json\/wp\/v2\/types\/post"}],"author":[{"embeddable":true,"href":"https:\/\/www.sekundomer.ee\/et\/wp-json\/wp\/v2\/users\/80"}],"replies":[{"embeddable":true,"href":"https:\/\/www.sekundomer.ee\/et\/wp-json\/wp\/v2\/comments?post=153648"}],"version-history":[{"count":0,"href":"https:\/\/www.sekundomer.ee\/et\/wp-json\/wp\/v2\/posts\/153648\/revisions"}],"wp:featuredmedia":[{"embeddable":true,"href":"https:\/\/www.sekundomer.ee\/et\/wp-json\/wp\/v2\/media\/153649"}],"wp:attachment":[{"href":"https:\/\/www.sekundomer.ee\/et\/wp-json\/wp\/v2\/media?parent=153648"}],"wp:term":[{"taxonomy":"category","embeddable":true,"href":"https:\/\/www.sekundomer.ee\/et\/wp-json\/wp\/v2\/categories?post=153648"},{"taxonomy":"post_tag","embeddable":true,"href":"https:\/\/www.sekundomer.ee\/et\/wp-json\/wp\/v2\/tags?post=153648"}],"curies":[{"name":"wp","href":"https:\/\/api.w.org\/{rel}","templated":true}]}}