{"id":154186,"date":"2023-07-12T13:54:26","date_gmt":"2023-07-12T10:54:26","guid":{"rendered":"https:\/\/www.sekundomer.ee\/?p=154186"},"modified":"2023-07-12T13:54:26","modified_gmt":"2023-07-12T10:54:26","slug":"kergejoustiku-u23-em-ile-soidab-11-liikmeline-eesti-koondis","status":"publish","type":"post","link":"https:\/\/www.sekundomer.ee\/et\/uudised\/kergejoustiku-u23-em-ile-soidab-11-liikmeline-eesti-koondis\/","title":{"rendered":"Kergej\u00f5ustiku U23 EM-ile s\u00f5idab 11-liikmeline Eesti koondis"},"content":{"rendered":"<p>Sellel n\u00e4dalal, 13.-16. juulil toimuvad Soomes Espoos U23 vanuseklassi Euroopa meistriv\u00f5istlused. Eestit esindab nendel v\u00f5istlustel 11 sportlast.<\/p>\n<p>Teivash\u00fcppes l\u00e4heb k\u00f5rget kohta p\u00fc\u00fcdma Marleen M\u00fclla (pildil), kes on sel hooajal Eesti rekordi viinud 4.55-ni. Osalejate isiklike rekordite v\u00f5rdluses jagab M\u00fclla esikohta. Meeste teivash\u00fcppes asub v\u00f5istlustulle Eerik Haamer, kelle t\u00e4navuse hooaja parim tulemus on Poolas v\u00f5istkondlikel Euroopa meistriv\u00f5istlustel h\u00fcpatud 5.30.<\/p>\n<p>Odaviskes uuele tasemele j\u00f5udnud Gedly Tugi on sel hooajal kolmel v\u00f5istlusel \u00fcletanud 60 meetri piiri ning on osalejate nimekirjas \u00fcks neljast sportlasest, kelle isiklik rekord on parem kui 60 meetrit.<\/p>\n<p>Naiste seitsmev\u00f5istluses on stardis kuu aega tagasi USA \u00fcli\u00f5pilasmeistriks kroonitud Pippi Lotta Enok, kelle isiklik rekord on 6165 punkti. Peale seitsmev\u00f5istlust on Enokil plaanis osaleda ka kaugush\u00fcppes.<\/p>\n<p>K\u00f5rgush\u00fcppes saame kaasa elada Lilian Turbanile, kes on sel aastal \u00fcletanud k\u00f5rguse 1.87.<\/p>\n<p>Sel hooajal kiireid aegu n\u00e4idanud Ann Marii Kivikas on stardis nii 100 m kui 200 m sprindidistantsidel. Meeste 200 m jooksus tuleb starti Robin Sapar.<\/p>\n<p>Meeste k\u00fcmnev\u00f5istluses asub v\u00f5istlustulle Rasmus Roosleht ning 110 m t\u00f5kkesprindis saame kaasa elada Kenro Tohterile.<\/p>\n<p>Naiste kolmikh\u00fcppes teeb kaasa Eliise Anijalg ja vasaraheites esindab Eestit Annika Emily Kelly.<\/p>\n<p><em>Foto: Marko Mumm\/EKJL<\/em><\/p>\n","protected":false},"excerpt":{"rendered":"<p>Sellel n\u00e4dalal, 13.-16. juulil toimuvad Soomes Espoos U23 vanuseklassi Euroopa meistriv\u00f5istlused. Eestit esindab nendel v\u00f5istlustel 11 sportlast. Teivash\u00fcppes l\u00e4heb k\u00f5rget kohta p\u00fc\u00fcdma Marleen M\u00fclla (pildil), kes on sel hooajal Eesti rekordi viinud 4.55-ni. Osalejate isiklike rekordite v\u00f5rdluses jagab M\u00fclla esikohta. Meeste teivash\u00fcppes asub v\u00f5istlustulle Eerik Haamer, kelle t\u00e4navuse hooaja parim tulemus on Poolas v\u00f5istkondlikel Euroopa [&hellip;]<\/p>\n","protected":false},"author":80,"featured_media":154187,"comment_status":"open","ping_status":"open","sticky":false,"template":"","format":"standard","meta":{"_seopress_robots_primary_cat":"none","_seopress_titles_title":"","_seopress_titles_desc":"","_seopress_robots_index":"","footnotes":""},"categories":[201,142],"tags":[1102],"class_list":{"0":"post-154186","1":"post","2":"type-post","3":"status-publish","4":"format-standard","5":"has-post-thumbnail","7":"category-kergejoustik","8":"category-uudised","9":"tag-marleen-mulla"},"_links":{"self":[{"href":"https:\/\/www.sekundomer.ee\/et\/wp-json\/wp\/v2\/posts\/154186","targetHints":{"allow":["GET"]}}],"collection":[{"href":"https:\/\/www.sekundomer.ee\/et\/wp-json\/wp\/v2\/posts"}],"about":[{"href":"https:\/\/www.sekundomer.ee\/et\/wp-json\/wp\/v2\/types\/post"}],"author":[{"embeddable":true,"href":"https:\/\/www.sekundomer.ee\/et\/wp-json\/wp\/v2\/users\/80"}],"replies":[{"embeddable":true,"href":"https:\/\/www.sekundomer.ee\/et\/wp-json\/wp\/v2\/comments?post=154186"}],"version-history":[{"count":0,"href":"https:\/\/www.sekundomer.ee\/et\/wp-json\/wp\/v2\/posts\/154186\/revisions"}],"wp:featuredmedia":[{"embeddable":true,"href":"https:\/\/www.sekundomer.ee\/et\/wp-json\/wp\/v2\/media\/154187"}],"wp:attachment":[{"href":"https:\/\/www.sekundomer.ee\/et\/wp-json\/wp\/v2\/media?parent=154186"}],"wp:term":[{"taxonomy":"category","embeddable":true,"href":"https:\/\/www.sekundomer.ee\/et\/wp-json\/wp\/v2\/categories?post=154186"},{"taxonomy":"post_tag","embeddable":true,"href":"https:\/\/www.sekundomer.ee\/et\/wp-json\/wp\/v2\/tags?post=154186"}],"curies":[{"name":"wp","href":"https:\/\/api.w.org\/{rel}","templated":true}]}}