{"id":154799,"date":"2023-08-24T18:15:24","date_gmt":"2023-08-24T15:15:24","guid":{"rendered":"https:\/\/www.sekundomer.ee\/?p=154799"},"modified":"2023-08-24T18:15:24","modified_gmt":"2023-08-24T15:15:24","slug":"premium-liiga-kalendris-toimus-mitu-muudatust","status":"publish","type":"post","link":"https:\/\/www.sekundomer.ee\/et\/uudised\/premium-liiga-kalendris-toimus-mitu-muudatust\/","title":{"rendered":"Premium liiga kalendris toimus mitu muudatust"},"content":{"rendered":"<p>Premium liiga kalender muutub selliselt, et liigahooaeg l\u00f5peb enne novembrikuist koondiseakent. 3. septembri FC Flora &#8211; FCI Levadia m\u00e4ng peetakse Kadrioru staadionil.<\/p>\n<p>Flora ja Levadia vaheline m\u00e4ng toimub A. Le Coq Arena asemel Kadriorus erakorraliselt 2. septembrile nihkunud staadionikontserdi t\u00f5ttu. Muudatus on l\u00e4bi r\u00e4\u00e4gitud m\u00f5lema klubiga.<\/p>\n<p>Et Eesti klubide UEFA sarjade grupifaasi mittej\u00f5udmisel saab liigahooaja l\u00f5puni m\u00e4ngida enne novembrikuist koondiseakent, r\u00e4\u00e4giti l\u00e4bi kevadistel dialoogkohtumisel. M\u00e4nguaegadena tekkis Premium liigas juurde kaks n\u00e4dalasisest vooru, \u00fcks 26. ja 27. septembril ning teine 31. oktoobril ja 1. novembril.<\/p>\n<p>N\u00e4dalavahetuse voorude m\u00e4nguaegu korrigeeriti, et tagada v\u00f5istkondadele sarnane puhkeaeg. Kalendris on v\u00e4lditud olukordi, kus \u00fcks meeskond tuleks m\u00e4ngule kahe ja teine kolme puhkep\u00e4eva pealt; on olukordi, kus m\u00f5lemad tulevad kahe puhkep\u00e4eva pealt ja olukordi, kus \u00fcks tuleb kolme ning teine nelja puhkep\u00e4eva pealt.<\/p>\n<p>Et v\u00e4ltida olukorda, kus \u00fcks meeskond peaks m\u00e4ngima kahel n\u00e4dalal j\u00e4rjest n\u00e4dala keskel, viiakse need karikav\u00f5istluste 1\/16- ja 1\/8-finaalide m\u00e4ngud, kus Premium liiga klubid m\u00e4ngivad omavahel, 25. ja 30. novembrile. Muudatused on Premium liiga klubidega l\u00e4bi r\u00e4\u00e4gitud, t\u00e4pne kalender avaldatakse l\u00e4hip\u00e4evil.<\/p>\n<p><em>Pressiteade<\/em><\/p>\n","protected":false},"excerpt":{"rendered":"<p>Premium liiga kalender muutub selliselt, et liigahooaeg l\u00f5peb enne novembrikuist koondiseakent. 3. septembri FC Flora &#8211; FCI Levadia m\u00e4ng peetakse Kadrioru staadionil. Flora ja Levadia vaheline m\u00e4ng toimub A. Le Coq Arena asemel Kadriorus erakorraliselt 2. septembrile nihkunud staadionikontserdi t\u00f5ttu. Muudatus on l\u00e4bi r\u00e4\u00e4gitud m\u00f5lema klubiga. Et Eesti klubide UEFA sarjade grupifaasi mittej\u00f5udmisel saab liigahooaja [&hellip;]<\/p>\n","protected":false},"author":80,"featured_media":154134,"comment_status":"open","ping_status":"open","sticky":false,"template":"","format":"standard","meta":{"_seopress_robots_primary_cat":"none","_seopress_titles_title":"","_seopress_titles_desc":"","_seopress_robots_index":"","footnotes":""},"categories":[203,142],"tags":[],"class_list":{"0":"post-154799","1":"post","2":"type-post","3":"status-publish","4":"format-standard","5":"has-post-thumbnail","7":"category-jalgpall","8":"category-uudised"},"_links":{"self":[{"href":"https:\/\/www.sekundomer.ee\/et\/wp-json\/wp\/v2\/posts\/154799","targetHints":{"allow":["GET"]}}],"collection":[{"href":"https:\/\/www.sekundomer.ee\/et\/wp-json\/wp\/v2\/posts"}],"about":[{"href":"https:\/\/www.sekundomer.ee\/et\/wp-json\/wp\/v2\/types\/post"}],"author":[{"embeddable":true,"href":"https:\/\/www.sekundomer.ee\/et\/wp-json\/wp\/v2\/users\/80"}],"replies":[{"embeddable":true,"href":"https:\/\/www.sekundomer.ee\/et\/wp-json\/wp\/v2\/comments?post=154799"}],"version-history":[{"count":0,"href":"https:\/\/www.sekundomer.ee\/et\/wp-json\/wp\/v2\/posts\/154799\/revisions"}],"wp:featuredmedia":[{"embeddable":true,"href":"https:\/\/www.sekundomer.ee\/et\/wp-json\/wp\/v2\/media\/154134"}],"wp:attachment":[{"href":"https:\/\/www.sekundomer.ee\/et\/wp-json\/wp\/v2\/media?parent=154799"}],"wp:term":[{"taxonomy":"category","embeddable":true,"href":"https:\/\/www.sekundomer.ee\/et\/wp-json\/wp\/v2\/categories?post=154799"},{"taxonomy":"post_tag","embeddable":true,"href":"https:\/\/www.sekundomer.ee\/et\/wp-json\/wp\/v2\/tags?post=154799"}],"curies":[{"name":"wp","href":"https:\/\/api.w.org\/{rel}","templated":true}]}}