{"id":154876,"date":"2023-08-29T17:05:05","date_gmt":"2023-08-29T14:05:05","guid":{"rendered":"https:\/\/www.sekundomer.ee\/?p=154876"},"modified":"2023-08-29T17:07:36","modified_gmt":"2023-08-29T14:07:36","slug":"kohtla-jarve-liikuma","status":"publish","type":"post","link":"https:\/\/www.sekundomer.ee\/et\/uudised\/kohtla-jarve-liikuma\/","title":{"rendered":"Kohtla-J\u00e4rve liikuma!"},"content":{"rendered":"<h1><span style=\"color: #222222; font-family: Verdana, BlinkMacSystemFont, -apple-system, 'Segoe UI', Roboto, Oxygen, Ubuntu, Cantarell, 'Open Sans', 'Helvetica Neue', sans-serif; font-size: 15px;\">Kohtla-J\u00e4rve J\u00e4rve Kool kutsub:\u00a0<\/span><\/h1>\n<div class=\"elementor elementor-3905\" data-elementor-type=\"wp-post\" data-elementor-id=\"3905\" data-elementor-post-type=\"post\">\n<section class=\"elementor-section elementor-top-section elementor-element elementor-element-5176009d elementor-section-boxed elementor-section-height-default elementor-section-height-default\" data-id=\"5176009d\" data-element_type=\"section\">\n<div class=\"elementor-container elementor-column-gap-default\">\n<div class=\"elementor-column elementor-col-100 elementor-top-column elementor-element elementor-element-112fa520\" data-id=\"112fa520\" data-element_type=\"column\">\n<div class=\"elementor-widget-wrap elementor-element-populated\">\n<div class=\"elementor-element elementor-element-42d58611 elementor-widget elementor-widget-text-editor\" data-id=\"42d58611\" data-element_type=\"widget\" data-widget_type=\"text-editor.default\">\n<div class=\"elementor-widget-container\">\n<div class=\"x11i5rnm xat24cr x1mh8g0r x1vvkbs xdj266r x126k92a\">\n<div dir=\"auto\">\n<div dir=\"auto\">\n<p dir=\"ltr\"><strong>Kohtla-J\u00e4rve liikuma!\u00a0<\/strong><\/p>\n<p dir=\"ltr\">2023 on liikumisaasta ning selle puhul ootame teid v\u00f5istlema! Korraldame \u00fcrituste sarja Kohtla-J\u00e4rve Liikuma.<\/p>\n<p dir=\"ltr\">Selle raames on meie kooli poolt plaanis 3 seeriav\u00f5istlust ning suurv\u00f5istlused, mida korraldab AOK Arendus MT\u00dc.<\/p>\n<p dir=\"ltr\"><strong>Seeriav\u00f5istlused<\/strong><\/p>\n<p dir=\"ltr\">5. september jooks ja kepik\u00f5nd, J\u00e4rve Kool<br \/>\n19. september jooks ja kepik\u00f5nd, Kohtla-J\u00e4rve Kultuurikeskus<br \/>\n9. oktoober jooks ja kepik\u00f5nd, Metsapargi<\/p>\n<p dir=\"ltr\">Registreerimine seeriav\u00f5istlustele:\u00a0<a href=\"https:\/\/forms.gle\/ycJgnAGf5Z6C9Gyg8\">SIIN<\/a><\/p>\n<p dir=\"ltr\"><strong>Suurv\u00f5istlused<\/strong><br \/>\n9. september kepik\u00f5nd, jooks, tillus\u00f5it, Kohtla-J\u00e4rve linnavalitsus<br \/>\nRegistreerimine:<a href=\"https:\/\/my.raceresult.com\/258137\/registration\">\u00a0SIIN\u00a0<\/a><\/p>\n<p dir=\"ltr\">V\u00f5istluse juhend:\u00a0<a href=\"https:\/\/docs.google.com\/document\/d\/1C-0n_Ra8CLerNsKqvrsrcGTp35zqd5nI\/edit?usp=sharing&amp;ouid=106035138847578944583&amp;rtpof=true&amp;sd=true\">SIIN<\/a><\/p>\n<p dir=\"ltr\">30. september triatlon, Kohtla-J\u00e4rve Spordikeskus<br \/>\nRegistreerimine:<a href=\"https:\/\/my.raceresult.com\/257582\/\">\u00a0SIIN<\/a><\/p>\n<p dir=\"ltr\">V\u00f5istluse juhend:\u00a0<a href=\"https:\/\/docs.google.com\/document\/d\/1zSh1R15PWVJUDlRIMLDCt0PmeKUeSE1q\/edit?usp=sharing&amp;ouid=108079502124097971914&amp;rtpof=true&amp;sd=true\">SIIN<\/a><\/p>\n<p dir=\"ltr\">Tule koolikaaslaste, s\u00f5prade ja perega!<\/p>\n<p dir=\"ltr\">Koost\u00f6\u00f6partnerid: Kohtla-J\u00e4rve G\u00fcmnaasium, Integratsiooni Sihtasutus, Kohtla-J\u00e4rve linn.<\/p>\n<p dir=\"ltr\">Ootame teid v\u00e4ga!<\/p>\n<\/div>\n<\/div>\n<\/div>\n<\/div>\n<\/div>\n<\/div>\n<\/div>\n<\/div>\n<\/section>\n<\/div>\n","protected":false},"excerpt":{"rendered":"<p>Kohtla-J\u00e4rve J\u00e4rve Kool kutsub:\u00a0 Kohtla-J\u00e4rve liikuma!\u00a0 2023 on liikumisaasta ning selle puhul ootame teid v\u00f5istlema! Korraldame \u00fcrituste sarja Kohtla-J\u00e4rve Liikuma. Selle raames on meie kooli poolt plaanis 3 seeriav\u00f5istlust ning suurv\u00f5istlused, mida korraldab AOK Arendus MT\u00dc. Seeriav\u00f5istlused 5. september jooks ja kepik\u00f5nd, J\u00e4rve Kool 19. september jooks ja kepik\u00f5nd, Kohtla-J\u00e4rve Kultuurikeskus 9. oktoober jooks ja [&hellip;]<\/p>\n","protected":false},"author":80,"featured_media":154877,"comment_status":"open","ping_status":"open","sticky":false,"template":"","format":"standard","meta":{"_seopress_robots_primary_cat":"none","_seopress_titles_title":"","_seopress_titles_desc":"","_seopress_robots_index":"","footnotes":""},"categories":[142],"tags":[],"class_list":{"0":"post-154876","1":"post","2":"type-post","3":"status-publish","4":"format-standard","5":"has-post-thumbnail","7":"category-uudised"},"_links":{"self":[{"href":"https:\/\/www.sekundomer.ee\/et\/wp-json\/wp\/v2\/posts\/154876","targetHints":{"allow":["GET"]}}],"collection":[{"href":"https:\/\/www.sekundomer.ee\/et\/wp-json\/wp\/v2\/posts"}],"about":[{"href":"https:\/\/www.sekundomer.ee\/et\/wp-json\/wp\/v2\/types\/post"}],"author":[{"embeddable":true,"href":"https:\/\/www.sekundomer.ee\/et\/wp-json\/wp\/v2\/users\/80"}],"replies":[{"embeddable":true,"href":"https:\/\/www.sekundomer.ee\/et\/wp-json\/wp\/v2\/comments?post=154876"}],"version-history":[{"count":0,"href":"https:\/\/www.sekundomer.ee\/et\/wp-json\/wp\/v2\/posts\/154876\/revisions"}],"wp:featuredmedia":[{"embeddable":true,"href":"https:\/\/www.sekundomer.ee\/et\/wp-json\/wp\/v2\/media\/154877"}],"wp:attachment":[{"href":"https:\/\/www.sekundomer.ee\/et\/wp-json\/wp\/v2\/media?parent=154876"}],"wp:term":[{"taxonomy":"category","embeddable":true,"href":"https:\/\/www.sekundomer.ee\/et\/wp-json\/wp\/v2\/categories?post=154876"},{"taxonomy":"post_tag","embeddable":true,"href":"https:\/\/www.sekundomer.ee\/et\/wp-json\/wp\/v2\/tags?post=154876"}],"curies":[{"name":"wp","href":"https:\/\/api.w.org\/{rel}","templated":true}]}}