{"id":154890,"date":"2023-08-30T14:11:00","date_gmt":"2023-08-30T11:11:00","guid":{"rendered":"https:\/\/www.sekundomer.ee\/?p=154890"},"modified":"2023-08-30T14:11:00","modified_gmt":"2023-08-30T11:11:00","slug":"peatreener-thomas-haberli-avalikustas-eesti-koosseisu-septembrikuistel-valikmangudel","status":"publish","type":"post","link":"https:\/\/www.sekundomer.ee\/et\/uudised\/peatreener-thomas-haberli-avalikustas-eesti-koosseisu-septembrikuistel-valikmangudel\/","title":{"rendered":"Peatreener Thomas H\u00e4berli avalikustas Eesti koosseisu septembrikuistel valikm\u00e4ngudel"},"content":{"rendered":"<p>Eesti meeste koondist ootavad septembrikuus ees EM-valikm\u00e4ngud Rootsi ja Belgiaga. Peatreener Thomas H\u00e4berli avalikustas nimekirja 24 m\u00e4ngijaga.<\/p>\n<p>Vigastuse t\u00f5ttu j\u00e4\u00e4vad koondisest eemale Taijo Teniste, Rauno Sappinen, Markus Soomets, Erko Jonne T\u00f5ugjas ja Marco Lukka.<\/p>\n<p>Septembrikuu esimene EM-valikm\u00e4ng ootab Sinis\u00e4rke ees 9. septembril, kui A. Le Coq Arenal minnakse vastamisi Rootsiga. Belgia \u2013 Eesti kohtumine peetakse 12. septembril Br\u00fcsselis kuningas Baudouin\u2019i nimelisel staadionil. M\u00f5lemast m\u00e4ngust vahendab tasuta otsepilti Viaplay.<\/p>\n<p>Vaata \u00fclekannet pressikonverentsist, kus osaleb Thomas H\u00e4berli: <a title=\"https:\/\/www.youtube.com\/watch?v=_lLWx95Z22I\" href=\"https:\/\/www.youtube.com\/watch?v=_lLWx95Z22I\" target=\"_blank\" rel=\"noopener\">https:\/\/www.youtube.com\/watch?v=_lLWx95Z22I<\/a><\/p>\n<p>Eesti koondise koosseis septembrikuu EM-valikm\u00e4ngudeks:<\/p>\n<p>V\u00e4ravavahid<br \/>\nKarl Jakob Hein (13.04.2002) \u2013 Arsenal FC (ENG) 22\/0<br \/>\nMatvei Igonen (02.10.1996) \u2013 Pazard\u017eiki Hebar (BUL) 14\/0<br \/>\nKarl Andre Vallner (28.02.1998) \u2013 Tallinna FCI Levadia 1\/0<\/p>\n<p>Kaitsjad<br \/>\nKarol Mets (16.05.1993) \u2013 FC St. Pauli (GER) 87\/0<br \/>\nKen Kallaste (31.08.1988) \u2013 Tallinna FC Flora 57\/0<br \/>\nJoonas Tamm (02.02.1992) \u2013 Plovdivi Botev (BUL) 53\/4<br \/>\nArtur Pikk (05.03.1993) \u2013 Odra Opole (POL) 50\/1<br \/>\nNikita Baranov (19.08.1992) \u2013 Jerevani FC Pjunik (ARM) 46\/0<br \/>\nM\u00e4rten Kuusk (05.04.1996) \u2013 Ujpest FC (HUN) 25\/0<br \/>\nMaksim Paskot\u0161i (19.01.2003) \u2013 Tottenham Hotspur (ENG) 18\/0<br \/>\nRasmus Peetson (03.05.1995) \u2013 Tallinna FCI Levadia 8\/1<br \/>\nMarkkus Seppik (16.04.2001) \u2013 Tallinna FC Flora 0\/0<\/p>\n<p>Poolkaitsjad ja r\u00fcndajad<br \/>\nKonstantin Vassiljev (16.08.1984) \u2013 Tallinna FC Flora 151\/26<br \/>\nSergei Zenjov (20.04.1989) \u2013 Tallinna FC Flora 106\/17<br \/>\nHenri Anier (17.12.1990) \u2013 Lee Man (HKG) 86\/21<br \/>\nHenrik Ojamaa (20.05.1991) \u2013 Tallinna FC Flora 60\/1<br \/>\nMattias K\u00e4it (29.06.1998) \u2013 FC Rapid (ROU) 49\/8<br \/>\nMartin Miller (25.09.1997) \u2013 Tallinna FC Flora 26\/2<br \/>\nVlasiy Sinyavskiy (27.11.1996) \u2013 FC Slovacko (CZE) 26\/0<br \/>\nErik Sorga (08.07.1999) \u2013 Sumgayit FK (AZE) 26\/4<br \/>\nMarkus Poom (27.02.1999) \u2013 Shamrock Rovers FC (IRL) 16\/0<br \/>\nGeorgi Tunjov (17.04.2001) \u2013 Pescara Calcio 1936 (ITA) 11\/0<br \/>\nRocco Robert Shein (14.07.2003) \u2013 FC Dordrecht (NED) 6\/0<br \/>\nAlex Matthias Tamm (24.07.2001) \u2013 N\u00f5mme Kalju FC 1\/0<\/p>\n<p>EJLi pressiteenistus<\/p>\n","protected":false},"excerpt":{"rendered":"<p>Eesti meeste koondist ootavad septembrikuus ees EM-valikm\u00e4ngud Rootsi ja Belgiaga. Peatreener Thomas H\u00e4berli avalikustas nimekirja 24 m\u00e4ngijaga. Vigastuse t\u00f5ttu j\u00e4\u00e4vad koondisest eemale Taijo Teniste, Rauno Sappinen, Markus Soomets, Erko Jonne T\u00f5ugjas ja Marco Lukka. Septembrikuu esimene EM-valikm\u00e4ng ootab Sinis\u00e4rke ees 9. septembril, kui A. Le Coq Arenal minnakse vastamisi Rootsiga. Belgia \u2013 Eesti kohtumine peetakse [&hellip;]<\/p>\n","protected":false},"author":80,"featured_media":154688,"comment_status":"open","ping_status":"open","sticky":false,"template":"","format":"standard","meta":{"_seopress_robots_primary_cat":"none","_seopress_titles_title":"","_seopress_titles_desc":"","_seopress_robots_index":"","footnotes":""},"categories":[203,142],"tags":[1130],"class_list":{"0":"post-154890","1":"post","2":"type-post","3":"status-publish","4":"format-standard","5":"has-post-thumbnail","7":"category-jalgpall","8":"category-uudised","9":"tag-thomas-haberli"},"_links":{"self":[{"href":"https:\/\/www.sekundomer.ee\/et\/wp-json\/wp\/v2\/posts\/154890","targetHints":{"allow":["GET"]}}],"collection":[{"href":"https:\/\/www.sekundomer.ee\/et\/wp-json\/wp\/v2\/posts"}],"about":[{"href":"https:\/\/www.sekundomer.ee\/et\/wp-json\/wp\/v2\/types\/post"}],"author":[{"embeddable":true,"href":"https:\/\/www.sekundomer.ee\/et\/wp-json\/wp\/v2\/users\/80"}],"replies":[{"embeddable":true,"href":"https:\/\/www.sekundomer.ee\/et\/wp-json\/wp\/v2\/comments?post=154890"}],"version-history":[{"count":0,"href":"https:\/\/www.sekundomer.ee\/et\/wp-json\/wp\/v2\/posts\/154890\/revisions"}],"wp:featuredmedia":[{"embeddable":true,"href":"https:\/\/www.sekundomer.ee\/et\/wp-json\/wp\/v2\/media\/154688"}],"wp:attachment":[{"href":"https:\/\/www.sekundomer.ee\/et\/wp-json\/wp\/v2\/media?parent=154890"}],"wp:term":[{"taxonomy":"category","embeddable":true,"href":"https:\/\/www.sekundomer.ee\/et\/wp-json\/wp\/v2\/categories?post=154890"},{"taxonomy":"post_tag","embeddable":true,"href":"https:\/\/www.sekundomer.ee\/et\/wp-json\/wp\/v2\/tags?post=154890"}],"curies":[{"name":"wp","href":"https:\/\/api.w.org\/{rel}","templated":true}]}}