{"id":155564,"date":"2023-10-04T21:35:26","date_gmt":"2023-10-04T18:35:26","guid":{"rendered":"https:\/\/www.sekundomer.ee\/?p=155564"},"modified":"2023-10-04T21:35:26","modified_gmt":"2023-10-04T18:35:26","slug":"eesti-jalgpalli-liidu-selge-ja-uhene-seisukoht-on-et-eesti-koondised-ei-mangi-venemaaga","status":"publish","type":"post","link":"https:\/\/www.sekundomer.ee\/et\/uudised\/eesti-jalgpalli-liidu-selge-ja-uhene-seisukoht-on-et-eesti-koondised-ei-mangi-venemaaga\/","title":{"rendered":"Eesti Jalgpalli Liidu selge ja \u00fchene seisukoht on, et Eesti koondised ei m\u00e4ngi Venemaaga"},"content":{"rendered":"<p class=\"x_x_MsoNormal\"><span lang=\"ET\">Seoses UEFA otsusega lubada Venemaa U17 koondised uuesti rahvusvahelistele v\u00f5istlustele kinnitame, et Eesti Jalgpalli Liidu (EJL)\u00a0selge, \u00fchene ja ilma igasuguste reservatsioonideta seisukoht on, et Eesti koondised ei m\u00e4ngi Venemaa vastu.<\/span><\/p>\n<p class=\"x_x_MsoNormal\"><span lang=\"ET\">Otsuse Venemaa U17 koondised uuesti rahvusvahelistele v\u00f5istlustele lubada tegi UEFA t\u00e4itevkomitee. EJL ega \u00fckski EJL-ga seotud inimene ei olnud UEFA kavatsusest eelnevalt teadlik ega \u00fchelgi tasandil otsustusprotsessi kaasatud. Kui me oleks saanud otsustamises osaleda, siis EJL seisnuks Venemaa U17 koondiste rahvusvahelise jalgpallieluga taasliitumisele vastu.<\/span><\/p>\n<p class=\"x_x_MsoNormal\"><span lang=\"ET\">U<\/span><span lang=\"ET\">EFA on oma otsuse k\u00fcll teinud, aga me oleme selle vastu ning ei saa ega taha seda otsust t\u00e4ita. EJL-i selge, \u00fchene ja ilma igasuguste reservatsioonideta seisukoht on, et Eesti koondised ei m\u00e4ngi Venemaa vastu. UEFA on algusest peale meie seisukohast teadlik. <\/span><span lang=\"ET\">EJL-il on v\u00e4ga kahju, et eelnevad s\u00f5numid on tekitanud meie seisukohtadest vale arusaama.<\/span><\/p>\n<p class=\"x_x_MsoNormal\"><span lang=\"ET\">EJL peab siinjuures oluliseks korrata ka teisi varem v\u00e4lja \u00f6eldud seisukohti.<\/span><\/p>\n<p class=\"x_x_MsoNormal\"><span lang=\"ET\">Oluline on p\u00fcsida Eestis \u00fchtsena ja seda eriti olukorras, kus inimesed on sama asja eest v\u00e4ljas: Eesti eest, Ukraina toetamise poolt ja Venemaa agressiooni vastu. Ukraina toetamine t\u00e4hendab iseenesest m\u00f5istetavalt, et oleme vastu Venemaa s\u00f5jale Ukrainas, oleme m\u00f5istnud ja m\u00f5istame selle hukka.<\/span><\/p>\n<p class=\"x_x_MsoNormal\"><span lang=\"ET\">Loodame kogu s\u00fcdamest, et s\u00f5da l\u00f5peb Ukraina jaoks kogu oma territooriumi \u00fcle kontrolli taastamisega ja nii kiiresti kui v\u00f5imalik, ka seep\u00e4rast, et nende jalgpallikogukond saaks oma tegemistega j\u00e4tkata.<\/span><\/p>\n<p class=\"x_x_MsoNormal\"><span lang=\"ET\">Alates 2022. aasta veebruarist on EJL ja Eesti jalgpallikogukond korraldanud Ukraina toetamiseks mitmeid aktsioone: kogunud rohkem kui 60 000 eurot, avaldanud mitmetel Eesti liiga, karikasarja ja koondise m\u00e4ngudel toetust avalike kampaaniatega, vabastanud Ukraina noored Eesti meistriv\u00f5istlustel osalemisel litsentsitasust, korraldanud heategevusliku m\u00e4ngu FC Flora ja Kiievi Dinamo vahel, kohtunud Ukraina parlamendi liikmega, v\u00f5\u00f5rustanud Eestis Ukraina noorte jalgpallilaagreid jpm. M\u00f6\u00f6dunud aasta aprillis FIFA kongressil oli EJL \u00fcks neljast alaliidust, kes h\u00e4\u00e4letas vene keele FIFA ametlike keelte hulka lisamise vastu.<\/span><\/p>\n<p class=\"x_x_MsoNormal\"><span lang=\"ET\">EJL annab oma panuse ka Eesti riigikaitsesse. Nimelt lisas Eesti kaitsev\u00e4gi mullu EJLi\u00a0riigikaitsjaid toetavate t\u00f6\u00f6andjate nimekirja, tunnustades sellega EJLi tegevust kaitsev\u00e4e \u00f5ppustel osalevate t\u00f6\u00f6tajate toetamisel. Ka \u00e4sjasel \u00f5ppusel Ussis\u00f5nad osalesid mitmed EJL t\u00f6\u00f6tajad.<\/span><\/p>\n<p class=\"x_x_MsoNormal\"><span lang=\"ET\">K\u00e4esolev avaldus on EJLi juhatuse konsensuslik seisukoht.<\/span><\/p>\n<p class=\"x_x_MsoNormal\"><em>EJLi pressiteenistus\u00a0<\/em><\/p>\n","protected":false},"excerpt":{"rendered":"<p>Seoses UEFA otsusega lubada Venemaa U17 koondised uuesti rahvusvahelistele v\u00f5istlustele kinnitame, et Eesti Jalgpalli Liidu (EJL)\u00a0selge, \u00fchene ja ilma igasuguste reservatsioonideta seisukoht on, et Eesti koondised ei m\u00e4ngi Venemaa vastu. Otsuse Venemaa U17 koondised uuesti rahvusvahelistele v\u00f5istlustele lubada tegi UEFA t\u00e4itevkomitee. EJL ega \u00fckski EJL-ga seotud inimene ei olnud UEFA kavatsusest eelnevalt teadlik ega \u00fchelgi [&hellip;]<\/p>\n","protected":false},"author":80,"featured_media":155565,"comment_status":"open","ping_status":"open","sticky":false,"template":"","format":"standard","meta":{"_seopress_robots_primary_cat":"none","_seopress_titles_title":"","_seopress_titles_desc":"","_seopress_robots_index":"","footnotes":""},"categories":[203,142],"tags":[1145],"class_list":{"0":"post-155564","1":"post","2":"type-post","3":"status-publish","4":"format-standard","5":"has-post-thumbnail","7":"category-jalgpall","8":"category-uudised","9":"tag-eesti-jalgpalli-liidu"},"_links":{"self":[{"href":"https:\/\/www.sekundomer.ee\/et\/wp-json\/wp\/v2\/posts\/155564","targetHints":{"allow":["GET"]}}],"collection":[{"href":"https:\/\/www.sekundomer.ee\/et\/wp-json\/wp\/v2\/posts"}],"about":[{"href":"https:\/\/www.sekundomer.ee\/et\/wp-json\/wp\/v2\/types\/post"}],"author":[{"embeddable":true,"href":"https:\/\/www.sekundomer.ee\/et\/wp-json\/wp\/v2\/users\/80"}],"replies":[{"embeddable":true,"href":"https:\/\/www.sekundomer.ee\/et\/wp-json\/wp\/v2\/comments?post=155564"}],"version-history":[{"count":0,"href":"https:\/\/www.sekundomer.ee\/et\/wp-json\/wp\/v2\/posts\/155564\/revisions"}],"wp:featuredmedia":[{"embeddable":true,"href":"https:\/\/www.sekundomer.ee\/et\/wp-json\/wp\/v2\/media\/155565"}],"wp:attachment":[{"href":"https:\/\/www.sekundomer.ee\/et\/wp-json\/wp\/v2\/media?parent=155564"}],"wp:term":[{"taxonomy":"category","embeddable":true,"href":"https:\/\/www.sekundomer.ee\/et\/wp-json\/wp\/v2\/categories?post=155564"},{"taxonomy":"post_tag","embeddable":true,"href":"https:\/\/www.sekundomer.ee\/et\/wp-json\/wp\/v2\/tags?post=155564"}],"curies":[{"name":"wp","href":"https:\/\/api.w.org\/{rel}","templated":true}]}}