{"id":157096,"date":"2023-11-30T08:51:14","date_gmt":"2023-11-30T06:51:14","guid":{"rendered":"https:\/\/www.sekundomer.ee\/?p=157096"},"modified":"2023-11-30T08:51:14","modified_gmt":"2023-11-30T06:51:14","slug":"tammeka-alustas-premium-liiga-uleminekumange-voimsalt","status":"publish","type":"post","link":"https:\/\/www.sekundomer.ee\/et\/uudised\/tammeka-alustas-premium-liiga-uleminekumange-voimsalt\/","title":{"rendered":"Tammeka alustas Premium liiga \u00fcleminekum\u00e4nge v\u00f5imsalt"},"content":{"rendered":"<div class=\"intro\">\n<p>Kolmap\u00e4eval, 29. novembril m\u00e4ngiti Sportland Arenal Premium liiga esimene \u00fcleminekum\u00e4ng, kus Tartu JK Tammeka alistas kinda\u00a05:0\u00a0tulemusega Viimsi JK.<\/p>\n<p>Tammeka pani oma paremuse kiirelt maksma juba m\u00e4ngu 11. minutil, kui Ahmed Adebayo Basheri tabamusest mindi 1:0 juhtima. Viimsil tekkisid seej\u00e4rel paar head \u0161anssi v\u00e4rava l\u00f6\u00f6miseks, ent omad v\u00f5imalused j\u00e4eti kasutamata. Tammeka oli terav taas 37. minutil, kui Devid Lehteri s\u00f6\u00f6dust kasvatas eduseisu 2:0 Basher. Samalt tulemuselt mindi vaheajale.<\/p>\n<\/div>\n<p>Teist poolaega oli vaevalt m\u00e4ngitud minut, kui nurgal\u00f6\u00f6gi j\u00e4rgsest olukorrast toimetas palli v\u00f5rku Giacomo Uggeri. Kolmev\u00e4ravaline eduseis Tammekat ei rahuldanud &#8211; 64. minutil sai v\u00e4rava kirja Tanel Tammik ning viienda tabamuse toimetas viimsilaste v\u00f5rku Dominic Laaneots.<\/p>\n<p>Tammeka ja Viimsi \u00fcleminekum\u00e4ngude korduskohtumine peetakse p\u00fchap\u00e4eval, 3. detsembril Tartus. Juhul, kui m\u00e4ngukoht muutub ning m\u00e4ng toimub Tartu Annem\u00f5isa jalgpallihallis k\u00f5lab kohtumise avavile kell 18.00.<\/p>\n<p>Premium liiga \u00fcleminekum\u00e4ngude j\u00e4rel tagab liigas j\u00e4rgmiseks hooajaks koha meeskond, kes l\u00f6\u00f6b kahe m\u00e4ngu kokkuv\u00f5ttes rohkem v\u00e4ravaid.<\/p>\n","protected":false},"excerpt":{"rendered":"<p>Kolmap\u00e4eval, 29. novembril m\u00e4ngiti Sportland Arenal Premium liiga esimene \u00fcleminekum\u00e4ng, kus Tartu JK Tammeka alistas kinda\u00a05:0\u00a0tulemusega Viimsi JK. Tammeka pani oma paremuse kiirelt maksma juba m\u00e4ngu 11. minutil, kui Ahmed Adebayo Basheri tabamusest mindi 1:0 juhtima. Viimsil tekkisid seej\u00e4rel paar head \u0161anssi v\u00e4rava l\u00f6\u00f6miseks, ent omad v\u00f5imalused j\u00e4eti kasutamata. Tammeka oli terav taas 37. minutil, [&hellip;]<\/p>\n","protected":false},"author":80,"featured_media":157097,"comment_status":"open","ping_status":"open","sticky":false,"template":"","format":"standard","meta":{"_seopress_robots_primary_cat":"none","_seopress_titles_title":"","_seopress_titles_desc":"","_seopress_robots_index":"","footnotes":""},"categories":[203,142],"tags":[],"class_list":{"0":"post-157096","1":"post","2":"type-post","3":"status-publish","4":"format-standard","5":"has-post-thumbnail","7":"category-jalgpall","8":"category-uudised"},"_links":{"self":[{"href":"https:\/\/www.sekundomer.ee\/et\/wp-json\/wp\/v2\/posts\/157096","targetHints":{"allow":["GET"]}}],"collection":[{"href":"https:\/\/www.sekundomer.ee\/et\/wp-json\/wp\/v2\/posts"}],"about":[{"href":"https:\/\/www.sekundomer.ee\/et\/wp-json\/wp\/v2\/types\/post"}],"author":[{"embeddable":true,"href":"https:\/\/www.sekundomer.ee\/et\/wp-json\/wp\/v2\/users\/80"}],"replies":[{"embeddable":true,"href":"https:\/\/www.sekundomer.ee\/et\/wp-json\/wp\/v2\/comments?post=157096"}],"version-history":[{"count":0,"href":"https:\/\/www.sekundomer.ee\/et\/wp-json\/wp\/v2\/posts\/157096\/revisions"}],"wp:featuredmedia":[{"embeddable":true,"href":"https:\/\/www.sekundomer.ee\/et\/wp-json\/wp\/v2\/media\/157097"}],"wp:attachment":[{"href":"https:\/\/www.sekundomer.ee\/et\/wp-json\/wp\/v2\/media?parent=157096"}],"wp:term":[{"taxonomy":"category","embeddable":true,"href":"https:\/\/www.sekundomer.ee\/et\/wp-json\/wp\/v2\/categories?post=157096"},{"taxonomy":"post_tag","embeddable":true,"href":"https:\/\/www.sekundomer.ee\/et\/wp-json\/wp\/v2\/tags?post=157096"}],"curies":[{"name":"wp","href":"https:\/\/api.w.org\/{rel}","templated":true}]}}