{"id":157106,"date":"2023-11-30T17:02:47","date_gmt":"2023-11-30T15:02:47","guid":{"rendered":"https:\/\/www.sekundomer.ee\/?p=157106"},"modified":"2023-11-30T17:02:47","modified_gmt":"2023-11-30T15:02:47","slug":"jurgen-henn-lahkub-fc-florast","status":"publish","type":"post","link":"https:\/\/www.sekundomer.ee\/et\/uudised\/jurgen-henn-lahkub-fc-florast\/","title":{"rendered":"J\u00fcrgen Henn lahkub FC Florast"},"content":{"rendered":"<p style=\"font-weight: 400;\">J\u00fcrgen Henn lahkub k\u00e4imasoleva hooaja l\u00f5ppedes FC Florast.\u00a0Tema viimaseks m\u00e4nguks klubi peatreenerina j\u00e4\u00e4b p\u00fchap\u00e4eval, 3. detsembril kell 12:30 Sportland Arenal toimuv Evald Tipneri karikav\u00f5istluste 1\/8-finaali kohtumine FC Elva vastu.<\/p>\n<p style=\"font-weight: 400;\">\u201cOlen erinevates rollides saanud olla osaline klubi kaheksas meistritiitlis ja edukas eurohooajas, mis j\u00e4\u00e4b kindlasti elu l\u00f5puni meelde. Ait\u00e4h klubile selle v\u00f5imaluse eest! T\u00e4nan k\u00f5iki m\u00e4ngijaid, taustaj\u00f5ude ja f\u00e4nne, kellega oli r\u00f5\u00f5m seda teed k\u00e4ia!\u201d \u00fctles Henn.<\/p>\n<p style=\"font-weight: 400;\">&#8220;Sisuliselt oleme alati proovinud leida treenerit, kes oleks ametis v\u00f5imalikult pikalt ning suudaks arendada meeskonda j\u00e4rgmistele tasemetele. J\u00fcrgeni kuus aastat FC Flora peatreenerina t\u00e4histavad klubi ajaloo k\u00f5ige pikemat peatreeneri ametiaega. Selle aja jooksul v\u00f5idetud neli Premium Liiga tiitlit ja UEFA Konverentsi Liiga alagrupis m\u00e4ngimine n\u00e4itavad meievahelise koost\u00f6\u00f6 edukust. Leida enda klubi seest persoon, kes suudaks olla esindusmeeskonna juures lausa 11 aastat, ei ole sugugi lihtne. Ait\u00e4h, J\u00fcrgen ja tuult tiibadesse!&#8221; s\u00f5nas FC Flora president Pelle Pohlak.<\/p>\n<p style=\"font-weight: 400;\">Viljandist p\u00e4rit Henn liitus m\u00e4ngijana FC Floraga 2010. aastal. Kaks aastat hiljem sai temas FC Flora duubelmeeskonna abitreener. 2013. aastal alustas Henn hooaega FC Flora III lootsina, kuid v\u00f5ttis suvel \u00fcle U21 meeskonna juhendamise. 2018. aastal nimetati Henn FC Flora esindusmeeskonna peatreeneriks. Tema k\u00e4e all v\u00f5itsid rohevalged neljal korral Eesti meistritiitli, \u00fchel korral Evald Tipneri karika ja kahel korral Eesti Superkarika. 2021. aasta s\u00fcgisel juhtis Henn FC Flora esimese Eesti klubina UEFA Euroopa Konverentsiliiga alagrupiturniirile. Aastatel 2019-2022 p\u00e4lvis Henn neljal korral j\u00e4rjest Eesti Jalgpalli Liidu poolt v\u00e4lja antava Albert Vollrati nime kandva aasta treeneri auhinna.<\/p>\n<p style=\"font-weight: 400;\"><em>FC Flora pressiteenistus<br \/>\nfoto Katariina Peetson<br \/>\n<\/em><\/p>\n","protected":false},"excerpt":{"rendered":"<p>J\u00fcrgen Henn lahkub k\u00e4imasoleva hooaja l\u00f5ppedes FC Florast.\u00a0Tema viimaseks m\u00e4nguks klubi peatreenerina j\u00e4\u00e4b p\u00fchap\u00e4eval, 3. detsembril kell 12:30 Sportland Arenal toimuv Evald Tipneri karikav\u00f5istluste 1\/8-finaali kohtumine FC Elva vastu. \u201cOlen erinevates rollides saanud olla osaline klubi kaheksas meistritiitlis ja edukas eurohooajas, mis j\u00e4\u00e4b kindlasti elu l\u00f5puni meelde. Ait\u00e4h klubile selle v\u00f5imaluse eest! T\u00e4nan k\u00f5iki m\u00e4ngijaid, [&hellip;]<\/p>\n","protected":false},"author":80,"featured_media":157107,"comment_status":"open","ping_status":"open","sticky":false,"template":"","format":"standard","meta":{"_seopress_robots_primary_cat":"none","_seopress_titles_title":"","_seopress_titles_desc":"","_seopress_robots_index":"","footnotes":""},"categories":[203,142],"tags":[1165],"class_list":{"0":"post-157106","1":"post","2":"type-post","3":"status-publish","4":"format-standard","5":"has-post-thumbnail","7":"category-jalgpall","8":"category-uudised","9":"tag-jurgen-henn"},"_links":{"self":[{"href":"https:\/\/www.sekundomer.ee\/et\/wp-json\/wp\/v2\/posts\/157106","targetHints":{"allow":["GET"]}}],"collection":[{"href":"https:\/\/www.sekundomer.ee\/et\/wp-json\/wp\/v2\/posts"}],"about":[{"href":"https:\/\/www.sekundomer.ee\/et\/wp-json\/wp\/v2\/types\/post"}],"author":[{"embeddable":true,"href":"https:\/\/www.sekundomer.ee\/et\/wp-json\/wp\/v2\/users\/80"}],"replies":[{"embeddable":true,"href":"https:\/\/www.sekundomer.ee\/et\/wp-json\/wp\/v2\/comments?post=157106"}],"version-history":[{"count":0,"href":"https:\/\/www.sekundomer.ee\/et\/wp-json\/wp\/v2\/posts\/157106\/revisions"}],"wp:featuredmedia":[{"embeddable":true,"href":"https:\/\/www.sekundomer.ee\/et\/wp-json\/wp\/v2\/media\/157107"}],"wp:attachment":[{"href":"https:\/\/www.sekundomer.ee\/et\/wp-json\/wp\/v2\/media?parent=157106"}],"wp:term":[{"taxonomy":"category","embeddable":true,"href":"https:\/\/www.sekundomer.ee\/et\/wp-json\/wp\/v2\/categories?post=157106"},{"taxonomy":"post_tag","embeddable":true,"href":"https:\/\/www.sekundomer.ee\/et\/wp-json\/wp\/v2\/tags?post=157106"}],"curies":[{"name":"wp","href":"https:\/\/api.w.org\/{rel}","templated":true}]}}