{"id":157223,"date":"2023-12-07T20:14:24","date_gmt":"2023-12-07T18:14:24","guid":{"rendered":"https:\/\/www.sekundomer.ee\/?p=157223"},"modified":"2023-12-07T20:14:24","modified_gmt":"2023-12-07T18:14:24","slug":"fc-flora-peatreenerina-alustab-tood-norbert-hurt","status":"publish","type":"post","link":"https:\/\/www.sekundomer.ee\/et\/uudised\/fc-flora-peatreenerina-alustab-tood-norbert-hurt\/","title":{"rendered":"FC Flora peatreenerina alustab t\u00f6\u00f6d Norbert Hurt"},"content":{"rendered":"<p style=\"font-weight: 400;\">FC Flora peatreenerina alustab t\u00f6\u00f6d Norbert Hurt. \u00dchtlasi lahkub Hurt Eesti meeste jalgpallikoondise abitreeneri ja FC Flora spordidirektori ametikohalt.<\/p>\n<p style=\"font-weight: 400;\">&#8220;Mul on hea meel, et FC Flora pakub mulle j\u00e4rjekordselt v\u00f5imalust t\u00f6\u00f6tada peatreenerina. Teadsin, et \u00fchel p\u00e4eval see aeg tuleb, kus ma j\u00e4lle igap\u00e4evaselt treenerina t\u00f6\u00f6tan. Seet\u00f5ttu olen v\u00e4ga t\u00e4nulik, et mul on olnud v\u00f5imalus spordidirektori t\u00f6\u00f6ga paralleelselt erinevate koondiste juures treenerina ametis olla. L\u00f5puks on treenerit\u00f6\u00f6 ikkagi hariduselt minu eriala ja valdkond, kus ennast k\u00f5ige kodusemalt tunnen. Praeguses rollis on mul \u00f5nnestunud n\u00e4ha erinevate treenerite t\u00f6\u00f6d v\u00e4ga l\u00e4hedalt, olen saanud palju \u00f5ppida ja ideid k\u00f5rva taha panna. Spordidirektorina olen pannud palju energiat ka noortet\u00f6\u00f6 arendamisele, mist\u00f5ttu on meil n\u00fc\u00fcd lihtsam klubi esindusmeeskonda ja noortet\u00f6\u00f6d omavahel siduda.\u00a0Siit edasi keskendun peatreeneri t\u00f6\u00f6le, klubi spordidirektori ametikoht j\u00e4\u00e4b esialgu t\u00e4itmata,&#8221; \u00fctles Hurt.<\/p>\n<p style=\"font-weight: 400;\">Norbert Hurt juhendas FC Flora esindusmeeskonda aastatel 2013-2016 ning v\u00f5itis 2015. aastal Eesti meistritiitli. Seej\u00e4rel t\u00f6\u00f6tas ta FC Flora spordidirektorina, juhendas Eesti noortekoondisi ning oli Eesti meeste koondise abitreener.<\/p>\n<p style=\"font-weight: 400;\"><em>FC Flora pressiteenistus<\/em><\/p>\n","protected":false},"excerpt":{"rendered":"<p>FC Flora peatreenerina alustab t\u00f6\u00f6d Norbert Hurt. \u00dchtlasi lahkub Hurt Eesti meeste jalgpallikoondise abitreeneri ja FC Flora spordidirektori ametikohalt. &#8220;Mul on hea meel, et FC Flora pakub mulle j\u00e4rjekordselt v\u00f5imalust t\u00f6\u00f6tada peatreenerina. Teadsin, et \u00fchel p\u00e4eval see aeg tuleb, kus ma j\u00e4lle igap\u00e4evaselt treenerina t\u00f6\u00f6tan. Seet\u00f5ttu olen v\u00e4ga t\u00e4nulik, et mul on olnud v\u00f5imalus spordidirektori [&hellip;]<\/p>\n","protected":false},"author":80,"featured_media":157224,"comment_status":"open","ping_status":"open","sticky":false,"template":"","format":"standard","meta":{"_seopress_robots_primary_cat":"none","_seopress_titles_title":"","_seopress_titles_desc":"","_seopress_robots_index":"","footnotes":""},"categories":[203,142],"tags":[1168],"class_list":{"0":"post-157223","1":"post","2":"type-post","3":"status-publish","4":"format-standard","5":"has-post-thumbnail","7":"category-jalgpall","8":"category-uudised","9":"tag-norbert-hurt"},"_links":{"self":[{"href":"https:\/\/www.sekundomer.ee\/et\/wp-json\/wp\/v2\/posts\/157223","targetHints":{"allow":["GET"]}}],"collection":[{"href":"https:\/\/www.sekundomer.ee\/et\/wp-json\/wp\/v2\/posts"}],"about":[{"href":"https:\/\/www.sekundomer.ee\/et\/wp-json\/wp\/v2\/types\/post"}],"author":[{"embeddable":true,"href":"https:\/\/www.sekundomer.ee\/et\/wp-json\/wp\/v2\/users\/80"}],"replies":[{"embeddable":true,"href":"https:\/\/www.sekundomer.ee\/et\/wp-json\/wp\/v2\/comments?post=157223"}],"version-history":[{"count":0,"href":"https:\/\/www.sekundomer.ee\/et\/wp-json\/wp\/v2\/posts\/157223\/revisions"}],"wp:featuredmedia":[{"embeddable":true,"href":"https:\/\/www.sekundomer.ee\/et\/wp-json\/wp\/v2\/media\/157224"}],"wp:attachment":[{"href":"https:\/\/www.sekundomer.ee\/et\/wp-json\/wp\/v2\/media?parent=157223"}],"wp:term":[{"taxonomy":"category","embeddable":true,"href":"https:\/\/www.sekundomer.ee\/et\/wp-json\/wp\/v2\/categories?post=157223"},{"taxonomy":"post_tag","embeddable":true,"href":"https:\/\/www.sekundomer.ee\/et\/wp-json\/wp\/v2\/tags?post=157223"}],"curies":[{"name":"wp","href":"https:\/\/api.w.org\/{rel}","templated":true}]}}