{"id":158340,"date":"2024-01-15T10:31:44","date_gmt":"2024-01-15T08:31:44","guid":{"rendered":"https:\/\/www.sekundomer.ee\/?p=158340"},"modified":"2024-01-15T10:31:44","modified_gmt":"2024-01-15T08:31:44","slug":"klubihooaja-avab-uues-kuues-a-le-coq-superkarikas","status":"publish","type":"post","link":"https:\/\/www.sekundomer.ee\/et\/uudised\/klubihooaja-avab-uues-kuues-a-le-coq-superkarikas\/","title":{"rendered":"Klubihooaja avab uues kuues A. Le Coq Superkarikas"},"content":{"rendered":"<div class=\"intro\">\n<p>Eesti klubijalgpallihooaeg saab traditsioonilise avapaugu 25. veebruaril toimuva Eesti meistri ja karikav\u00f5itja vahelise lahinguga. Alates t\u00e4navusest aastast kannab kohtumine nime A. Le Coq Superkarikas.<\/p>\n<p>Eesti Jalgpalli Liidu (EJL) ja suurtoetaja A. Le Coqi koost\u00f6\u00f6na loodi Superkarikafinaalile v\u00e4rske ilmega logo ning kohtumise v\u00f5itja t\u00f5stab pea kohale Eesti kunstniku Krista Lehari valmistatud uhiuue v\u00f5idukarika. Karikas on kuni 60 sentimeetrit k\u00f5rge, selle tipus on jalgpallikujutis, mida ehib A. Le Coqi logolt \u00e4ratuntav kroon.<\/p>\n<\/div>\n<p>\u201eA. Le Coq on Eesti jalgpalli juba \u00fcle 20 toetanud ja jalgpallihooaega alustava m\u00e4ngu sidumine nendega on koost\u00f6\u00f6 j\u00e4rgmine v\u00e4\u00e4rikas samm. Enne II maailmas\u00f5da v\u00f5isteldi suurtel jalgpallim\u00e4ngudel Eesti Vabariigis \u00fchiskondlikult lugupeetud ja edukate organisatsioonide ja inimeste v\u00e4lja pandud omanimeliste karikate eest, ilmselt tuntuim neist Saarepera-nimeline. Selle sammuga loome silla vanade traditsioonide ja kaasaaja vahel,\u201d \u00fctles EJLi peasekret\u00e4r Anne Rei.<\/p>\n<p class=\"xmsonormal\">\u201eTunneme head meelt, et aastak\u00fcmneid v\u00e4ldanud koost\u00f6\u00f6 on saanud uue sisu A. Le Coqi Superkarika n\u00e4ol, mis avab Eesti klubijalgpalli hooaja k\u00f5ige k\u00f5rgemal ja professionaalsemal n\u00e4ol. Eesti oma gigantide heitlus toob p\u00f5nevust ja h\u00e4\u00e4lestab uueks hooajaks nii kahte v\u00f5itjatiimi kui kogu jalgpalliperet. See on m\u00e4ng, mis annab v\u00e4rvi algavale hooajale,\u201c \u00fctles A. Le Coqi turundusdirektor Katrin Vernik.<\/p>\n<p>A. Le Coq Superkarika finaalis on t\u00e4navu vastamisi valitsev Eesti meister Tallinna FC Flora ja mullune Evald Tipneri karikasarja v\u00f5itja JK Narva Trans. L\u00e4bi aastate on Flora Superkarikafinaale v\u00f5itnud k\u00fcmnel korral. Karika eest v\u00f5isteldi ka mullu, ent tunnistada tuli Paide Linnameeskonna nappi paremust. Trans on Superkarikafinaalis varasemalt v\u00f5istelnud kahel korral, kuid nii 2012. kui 2020. aastal tuli tunnistada Flora paremust.<\/p>\n<p>T\u00e4navune A. Le Coq Superkarika finaal toimub 25. veebruaril kell 12.30 Viljandi M\u00e4nnim\u00e4e jalgpallihallis, kuhu paigaldatakse kohtumise toimumise ajaks lisatrib\u00fc\u00fcnid. Piiratud kogus p\u00e4\u00e4smeid m\u00e4ngule on saadaval Piletilevis. T\u00e4ispileti hind on 5 eurot, sooduspiletid hinnaga 3 eurot kehtivad 2006. aastal kuni 2017. aastal s\u00fcndinutele ning 1958. aastal v\u00f5i varem s\u00fcndinutele. 2018. aastal ja hiljem s\u00fcndinud p\u00e4\u00e4sevad m\u00e4ngule tasuta.<\/p>\n<p><em>Pressiteade<\/em><\/p>\n","protected":false},"excerpt":{"rendered":"<p>Eesti klubijalgpallihooaeg saab traditsioonilise avapaugu 25. veebruaril toimuva Eesti meistri ja karikav\u00f5itja vahelise lahinguga. Alates t\u00e4navusest aastast kannab kohtumine nime A. Le Coq Superkarikas. Eesti Jalgpalli Liidu (EJL) ja suurtoetaja A. Le Coqi koost\u00f6\u00f6na loodi Superkarikafinaalile v\u00e4rske ilmega logo ning kohtumise v\u00f5itja t\u00f5stab pea kohale Eesti kunstniku Krista Lehari valmistatud uhiuue v\u00f5idukarika. Karikas on kuni [&hellip;]<\/p>\n","protected":false},"author":80,"featured_media":158341,"comment_status":"open","ping_status":"open","sticky":false,"template":"","format":"standard","meta":{"_seopress_robots_primary_cat":"none","_seopress_titles_title":"","_seopress_titles_desc":"","_seopress_robots_index":"","footnotes":""},"categories":[203,142],"tags":[],"class_list":{"0":"post-158340","1":"post","2":"type-post","3":"status-publish","4":"format-standard","5":"has-post-thumbnail","7":"category-jalgpall","8":"category-uudised"},"_links":{"self":[{"href":"https:\/\/www.sekundomer.ee\/et\/wp-json\/wp\/v2\/posts\/158340","targetHints":{"allow":["GET"]}}],"collection":[{"href":"https:\/\/www.sekundomer.ee\/et\/wp-json\/wp\/v2\/posts"}],"about":[{"href":"https:\/\/www.sekundomer.ee\/et\/wp-json\/wp\/v2\/types\/post"}],"author":[{"embeddable":true,"href":"https:\/\/www.sekundomer.ee\/et\/wp-json\/wp\/v2\/users\/80"}],"replies":[{"embeddable":true,"href":"https:\/\/www.sekundomer.ee\/et\/wp-json\/wp\/v2\/comments?post=158340"}],"version-history":[{"count":0,"href":"https:\/\/www.sekundomer.ee\/et\/wp-json\/wp\/v2\/posts\/158340\/revisions"}],"wp:featuredmedia":[{"embeddable":true,"href":"https:\/\/www.sekundomer.ee\/et\/wp-json\/wp\/v2\/media\/158341"}],"wp:attachment":[{"href":"https:\/\/www.sekundomer.ee\/et\/wp-json\/wp\/v2\/media?parent=158340"}],"wp:term":[{"taxonomy":"category","embeddable":true,"href":"https:\/\/www.sekundomer.ee\/et\/wp-json\/wp\/v2\/categories?post=158340"},{"taxonomy":"post_tag","embeddable":true,"href":"https:\/\/www.sekundomer.ee\/et\/wp-json\/wp\/v2\/tags?post=158340"}],"curies":[{"name":"wp","href":"https:\/\/api.w.org\/{rel}","templated":true}]}}