{"id":158368,"date":"2024-01-16T16:37:07","date_gmt":"2024-01-16T14:37:07","guid":{"rendered":"https:\/\/www.sekundomer.ee\/?p=158368"},"modified":"2024-01-16T16:37:49","modified_gmt":"2024-01-16T14:37:49","slug":"selgusid-eesti-voimlemisliidu-aasta-2023-parimad","status":"publish","type":"post","link":"https:\/\/www.sekundomer.ee\/et\/uudised\/selgusid-eesti-voimlemisliidu-aasta-2023-parimad\/","title":{"rendered":"Selgusid Eesti V\u00f5imlemisliidu aasta 2023 parimad"},"content":{"rendered":"<p style=\"font-weight: 400;\">13. jaanuaril 2024 peetud pidulikul Eesti V\u00f5imlemisliidu t\u00e4nu\u00f5htul Tartu Alexela Loomelaval kuulutati v\u00e4lja aasta parimad v\u00f5imlejad, v\u00f5istkonnad, treener ja tegu. Rahvah\u00e4\u00e4letuse tulemuste alusel selgitati laureaadid seitsmes kategoorias.<\/p>\n<p style=\"font-weight: 400;\">Aasta naisv\u00f5imleja auhinna laureaadiks sai iluv\u00f5imleja\u00a0Ester Kreitsman, aasta v\u00f5istkonna tiitli v\u00f5itis V\u00f5imlemisklubi R\u00fctmika r\u00fchmv\u00f5imlemise v\u00f5istkond\u00a0Siidisabad, kelle treener\u00a0Elsa Sinij\u00e4rv\u00a0kuulutati aasta treeneriks.<\/p>\n<p style=\"font-weight: 400;\">Aasta noorv\u00f5imlejateks kuulutati sportaeroobika esindaja\u00a0Viktor Lukjanov\u00a0ning iluv\u00f5imleja\u00a0Valeria Valasevit\u0161. Aasta noorv\u00f5istkonna tiitli v\u00f5itis\u00a0iluv\u00f5imlemise juunioride koondis, kes mullu saavutas juunioride maailmameistriv\u00f5istlustel 8. koha.<\/p>\n<p style=\"font-weight: 400;\">Aasta Tegu 2023 tunnustuse v\u00f5tsid vastu Kersti Kull, kelle eestvedamisel\u00a0edenes harrastusv\u00f5imlemine\u00a0laulu-ja tantsupeo liikumises\u00a0ning Liisa M\u00e4nniko, Kirke Arukaevu ja Lilli Jesse\u00a0sportakrobaatika ajaloo parima saavutuse eest noorte Euroopa meistriv\u00f5istlustel.<\/p>\n<p style=\"font-weight: 400;\">Esmakordselt eelmisel aastal algatatud teenetem\u00e4rgi omistamise traditsiooni j\u00e4tkati ka aastal 2023. Eesti V\u00f5imlemisliit tunnustas teenetem\u00e4rkidega v\u00f5imlemise eestvedajaid, kellel on v\u00e4\u00e4rilisi teeneid Eesti v\u00f5imlemise eesm\u00e4rkide elluviimisel v\u00f5i kes on silmapaistval moel kaasa aidanud v\u00f5imlemise arengule Eestis. 2023. aasta teenetem\u00e4rkide saajad on:<\/p>\n<ul>\n<li style=\"font-weight: 400;\">Linda Jaanson<\/li>\n<li style=\"font-weight: 400;\">Velju Rammo<\/li>\n<li style=\"font-weight: 400;\">Sirje Eom\u00f5is<\/li>\n<li style=\"font-weight: 400;\">Ilse Mikko<\/li>\n<\/ul>\n<p><em>Pressiteade<\/em><br \/>\n<em>Foto: Silja T\u00f5ntson\/Eesti V\u00f5imlemisliit<\/em><\/p>\n","protected":false},"excerpt":{"rendered":"<p>13. jaanuaril 2024 peetud pidulikul Eesti V\u00f5imlemisliidu t\u00e4nu\u00f5htul Tartu Alexela Loomelaval kuulutati v\u00e4lja aasta parimad v\u00f5imlejad, v\u00f5istkonnad, treener ja tegu. Rahvah\u00e4\u00e4letuse tulemuste alusel selgitati laureaadid seitsmes kategoorias. Aasta naisv\u00f5imleja auhinna laureaadiks sai iluv\u00f5imleja\u00a0Ester Kreitsman, aasta v\u00f5istkonna tiitli v\u00f5itis V\u00f5imlemisklubi R\u00fctmika r\u00fchmv\u00f5imlemise v\u00f5istkond\u00a0Siidisabad, kelle treener\u00a0Elsa Sinij\u00e4rv\u00a0kuulutati aasta treeneriks. Aasta noorv\u00f5imlejateks kuulutati sportaeroobika esindaja\u00a0Viktor Lukjanov\u00a0ning iluv\u00f5imleja\u00a0Valeria Valasevit\u0161. [&hellip;]<\/p>\n","protected":false},"author":80,"featured_media":158369,"comment_status":"open","ping_status":"open","sticky":false,"template":"","format":"standard","meta":{"_seopress_robots_primary_cat":"none","_seopress_titles_title":"","_seopress_titles_desc":"","_seopress_robots_index":"","footnotes":""},"categories":[142,161],"tags":[],"class_list":{"0":"post-158368","1":"post","2":"type-post","3":"status-publish","4":"format-standard","5":"has-post-thumbnail","7":"category-uudised","8":"category-voimlemine"},"_links":{"self":[{"href":"https:\/\/www.sekundomer.ee\/et\/wp-json\/wp\/v2\/posts\/158368","targetHints":{"allow":["GET"]}}],"collection":[{"href":"https:\/\/www.sekundomer.ee\/et\/wp-json\/wp\/v2\/posts"}],"about":[{"href":"https:\/\/www.sekundomer.ee\/et\/wp-json\/wp\/v2\/types\/post"}],"author":[{"embeddable":true,"href":"https:\/\/www.sekundomer.ee\/et\/wp-json\/wp\/v2\/users\/80"}],"replies":[{"embeddable":true,"href":"https:\/\/www.sekundomer.ee\/et\/wp-json\/wp\/v2\/comments?post=158368"}],"version-history":[{"count":0,"href":"https:\/\/www.sekundomer.ee\/et\/wp-json\/wp\/v2\/posts\/158368\/revisions"}],"wp:featuredmedia":[{"embeddable":true,"href":"https:\/\/www.sekundomer.ee\/et\/wp-json\/wp\/v2\/media\/158369"}],"wp:attachment":[{"href":"https:\/\/www.sekundomer.ee\/et\/wp-json\/wp\/v2\/media?parent=158368"}],"wp:term":[{"taxonomy":"category","embeddable":true,"href":"https:\/\/www.sekundomer.ee\/et\/wp-json\/wp\/v2\/categories?post=158368"},{"taxonomy":"post_tag","embeddable":true,"href":"https:\/\/www.sekundomer.ee\/et\/wp-json\/wp\/v2\/tags?post=158368"}],"curies":[{"name":"wp","href":"https:\/\/api.w.org\/{rel}","templated":true}]}}