{"id":159172,"date":"2024-02-07T12:31:26","date_gmt":"2024-02-07T10:31:26","guid":{"rendered":"https:\/\/www.sekundomer.ee\/?p=159172"},"modified":"2024-02-07T12:31:26","modified_gmt":"2024-02-07T10:31:26","slug":"karel-tilga-loobub-sise-mm-il-osalemisest","status":"publish","type":"post","link":"https:\/\/www.sekundomer.ee\/et\/uudised\/karel-tilga-loobub-sise-mm-il-osalemisest\/","title":{"rendered":"Karel Tilga loobub sise MM-il osalemisest"},"content":{"rendered":"<p style=\"font-weight: 400;\">Mitmev\u00f5istleja Karel Tilga teatas, et loobub kergej\u00f5ustiku sisemaailmameistriv\u00f5istlustel osalemisest.<\/p>\n<p style=\"font-weight: 400;\">1.-3. m\u00e4rtsil Glasgows toimuvale v\u00f5istlusele teenis Tilga kutse 2023. aasta World Athletics mitmev\u00f5istluse tuuri \u00fcldv\u00f5itjana, kuid kahjuks segab sportlast Achilleuse k\u00f5\u00f5luse valu ning suvehooajale ette vaadates ei soovi ta riski ette v\u00f5tta.<\/p>\n<p style=\"font-weight: 400;\">Eesti mitmev\u00f5istlejatest on sise MM-ile kutse saanud m\u00f6\u00f6dunud v\u00e4lihooaja tulemuste p\u00f5hjal ka Johannes Erm.<\/p>\n<p style=\"font-weight: 400;\">Sise MM-ile kvalifitseerumisperiood l\u00f5peb 18. veebruaril.<\/p>\n","protected":false},"excerpt":{"rendered":"<p>Mitmev\u00f5istleja Karel Tilga teatas, et loobub kergej\u00f5ustiku sisemaailmameistriv\u00f5istlustel osalemisest. 1.-3. m\u00e4rtsil Glasgows toimuvale v\u00f5istlusele teenis Tilga kutse 2023. aasta World Athletics mitmev\u00f5istluse tuuri \u00fcldv\u00f5itjana, kuid kahjuks segab sportlast Achilleuse k\u00f5\u00f5luse valu ning suvehooajale ette vaadates ei soovi ta riski ette v\u00f5tta. Eesti mitmev\u00f5istlejatest on sise MM-ile kutse saanud m\u00f6\u00f6dunud v\u00e4lihooaja tulemuste p\u00f5hjal ka Johannes Erm. [&hellip;]<\/p>\n","protected":false},"author":80,"featured_media":159174,"comment_status":"open","ping_status":"open","sticky":false,"template":"","format":"standard","meta":{"_seopress_robots_primary_cat":"none","_seopress_titles_title":"","_seopress_titles_desc":"","_seopress_robots_index":"","footnotes":""},"categories":[201,142],"tags":[1086],"class_list":{"0":"post-159172","1":"post","2":"type-post","3":"status-publish","4":"format-standard","5":"has-post-thumbnail","7":"category-kergejoustik","8":"category-uudised","9":"tag-karel-tilga"},"_links":{"self":[{"href":"https:\/\/www.sekundomer.ee\/et\/wp-json\/wp\/v2\/posts\/159172","targetHints":{"allow":["GET"]}}],"collection":[{"href":"https:\/\/www.sekundomer.ee\/et\/wp-json\/wp\/v2\/posts"}],"about":[{"href":"https:\/\/www.sekundomer.ee\/et\/wp-json\/wp\/v2\/types\/post"}],"author":[{"embeddable":true,"href":"https:\/\/www.sekundomer.ee\/et\/wp-json\/wp\/v2\/users\/80"}],"replies":[{"embeddable":true,"href":"https:\/\/www.sekundomer.ee\/et\/wp-json\/wp\/v2\/comments?post=159172"}],"version-history":[{"count":0,"href":"https:\/\/www.sekundomer.ee\/et\/wp-json\/wp\/v2\/posts\/159172\/revisions"}],"wp:featuredmedia":[{"embeddable":true,"href":"https:\/\/www.sekundomer.ee\/et\/wp-json\/wp\/v2\/media\/159174"}],"wp:attachment":[{"href":"https:\/\/www.sekundomer.ee\/et\/wp-json\/wp\/v2\/media?parent=159172"}],"wp:term":[{"taxonomy":"category","embeddable":true,"href":"https:\/\/www.sekundomer.ee\/et\/wp-json\/wp\/v2\/categories?post=159172"},{"taxonomy":"post_tag","embeddable":true,"href":"https:\/\/www.sekundomer.ee\/et\/wp-json\/wp\/v2\/tags?post=159172"}],"curies":[{"name":"wp","href":"https:\/\/api.w.org\/{rel}","templated":true}]}}