{"id":159563,"date":"2024-02-21T16:28:26","date_gmt":"2024-02-21T14:28:26","guid":{"rendered":"https:\/\/www.sekundomer.ee\/?p=159563"},"modified":"2024-02-21T16:28:26","modified_gmt":"2024-02-21T14:28:26","slug":"kergejoustiku-sisemaailmameistrivoistlustele-soidab-kolm-eesti-sportlast","status":"publish","type":"post","link":"https:\/\/www.sekundomer.ee\/et\/uudised\/kergejoustiku-sisemaailmameistrivoistlustele-soidab-kolm-eesti-sportlast\/","title":{"rendered":"Kergej\u00f5ustiku sisemaailmameistriv\u00f5istlustele s\u00f5idab kolm Eesti sportlast"},"content":{"rendered":"<p>J\u00e4rgmisel n\u00e4dalal, 1.-3. m\u00e4rtsil toimuvad Glasgows Suurbritannias kergej\u00f5ustiku sisemaailmameistriv\u00f5istlused, kus Eestit esindab kolm sportlast.<\/p>\n<p>Meeste seitsmev\u00f5istluses teeb kaasa Johannes Erm, kes teenis MM-i kutse m\u00f6\u00f6dunud v\u00e4lihooaja tulemuste p\u00f5hjal.<\/p>\n<p>T\u00e4na said MM-i kutse ka 60 m t\u00f5kkejooksja Diana Suumann ja 60 m jooksja \u00d5ilme V\u00f5ro, kes p\u00e4\u00e4sesid nimekirja reitingupunktide alusel.<\/p>\n<p><em>ekjl.ee<\/em><\/p>\n","protected":false},"excerpt":{"rendered":"<p>J\u00e4rgmisel n\u00e4dalal, 1.-3. m\u00e4rtsil toimuvad Glasgows Suurbritannias kergej\u00f5ustiku sisemaailmameistriv\u00f5istlused, kus Eestit esindab kolm sportlast. Meeste seitsmev\u00f5istluses teeb kaasa Johannes Erm, kes teenis MM-i kutse m\u00f6\u00f6dunud v\u00e4lihooaja tulemuste p\u00f5hjal. T\u00e4na said MM-i kutse ka 60 m t\u00f5kkejooksja Diana Suumann ja 60 m jooksja \u00d5ilme V\u00f5ro, kes p\u00e4\u00e4sesid nimekirja reitingupunktide alusel. ekjl.ee<\/p>\n","protected":false},"author":80,"featured_media":159564,"comment_status":"open","ping_status":"open","sticky":false,"template":"","format":"standard","meta":{"_seopress_robots_primary_cat":"none","_seopress_titles_title":"","_seopress_titles_desc":"","_seopress_robots_index":"","footnotes":""},"categories":[201,142],"tags":[],"class_list":{"0":"post-159563","1":"post","2":"type-post","3":"status-publish","4":"format-standard","5":"has-post-thumbnail","7":"category-kergejoustik","8":"category-uudised"},"_links":{"self":[{"href":"https:\/\/www.sekundomer.ee\/et\/wp-json\/wp\/v2\/posts\/159563","targetHints":{"allow":["GET"]}}],"collection":[{"href":"https:\/\/www.sekundomer.ee\/et\/wp-json\/wp\/v2\/posts"}],"about":[{"href":"https:\/\/www.sekundomer.ee\/et\/wp-json\/wp\/v2\/types\/post"}],"author":[{"embeddable":true,"href":"https:\/\/www.sekundomer.ee\/et\/wp-json\/wp\/v2\/users\/80"}],"replies":[{"embeddable":true,"href":"https:\/\/www.sekundomer.ee\/et\/wp-json\/wp\/v2\/comments?post=159563"}],"version-history":[{"count":0,"href":"https:\/\/www.sekundomer.ee\/et\/wp-json\/wp\/v2\/posts\/159563\/revisions"}],"wp:featuredmedia":[{"embeddable":true,"href":"https:\/\/www.sekundomer.ee\/et\/wp-json\/wp\/v2\/media\/159564"}],"wp:attachment":[{"href":"https:\/\/www.sekundomer.ee\/et\/wp-json\/wp\/v2\/media?parent=159563"}],"wp:term":[{"taxonomy":"category","embeddable":true,"href":"https:\/\/www.sekundomer.ee\/et\/wp-json\/wp\/v2\/categories?post=159563"},{"taxonomy":"post_tag","embeddable":true,"href":"https:\/\/www.sekundomer.ee\/et\/wp-json\/wp\/v2\/tags?post=159563"}],"curies":[{"name":"wp","href":"https:\/\/api.w.org\/{rel}","templated":true}]}}