{"id":161927,"date":"2024-04-10T07:59:26","date_gmt":"2024-04-10T04:59:26","guid":{"rendered":"https:\/\/www.sekundomer.ee\/?p=161927"},"modified":"2024-04-10T07:59:26","modified_gmt":"2024-04-10T04:59:26","slug":"konstantin-vassiljev-loobus-eesti-meeste-koondise-kaptenikohast","status":"publish","type":"post","link":"https:\/\/www.sekundomer.ee\/et\/uudised\/konstantin-vassiljev-loobus-eesti-meeste-koondise-kaptenikohast\/","title":{"rendered":"Konstantin Vassiljev loobus Eesti meeste koondise kaptenikohast"},"content":{"rendered":"<p>Eile, 9. aprilli \u00f5htul kogunes Eesti Jalgpalli Liidu juhatus koosolekule, kus kohtuti Konstantin Vassiljeviga.<\/p>\n<p>\u0160veitsis UEFA Pro treenerikoolitusel viibiv Vassiljev \u00fchines koosolekuga interneti vahendusel.<\/p>\n<p>Eesti Jalgpalli Liidu juhatuse avaldus: \u201eKordame alaliidu \u00fchest ja selget seisukohta: seisame Eesti eest, Ukraina toetamise poolt ja Venemaa agressiooni vastu. Ukraina toetamine t\u00e4hendab iseenesest m\u00f5istetavalt, et oleme vastu Venemaa s\u00f5jale Ukrainas, oleme m\u00f5istnud ja m\u00f5istame selle hukka. Loodame kogu s\u00fcdamest, et s\u00f5da l\u00f5peb Ukraina jaoks kogu oma territooriumi \u00fcle kontrolli taastamisega ja nii kiiresti kui v\u00f5imalik.<\/p>\n<p>Konstantin Vassiljev selgitas, et ta on olemuselt patsifist ning igas t\u00e4henduses lojaalne Eestile, samas m\u00f5istes kujunenud olukorda, otsustas loobuda Eesti meeste koondise kaptenikohast.<\/p>\n<p>Juhatus tunnustab Vassiljevi otsust ja ei kahtle tema lojaalsuses.&#8221;<\/p>\n<p><em>EJLi pressiteenistus<\/em><\/p>\n","protected":false},"excerpt":{"rendered":"<p>Eile, 9. aprilli \u00f5htul kogunes Eesti Jalgpalli Liidu juhatus koosolekule, kus kohtuti Konstantin Vassiljeviga. \u0160veitsis UEFA Pro treenerikoolitusel viibiv Vassiljev \u00fchines koosolekuga interneti vahendusel. Eesti Jalgpalli Liidu juhatuse avaldus: \u201eKordame alaliidu \u00fchest ja selget seisukohta: seisame Eesti eest, Ukraina toetamise poolt ja Venemaa agressiooni vastu. Ukraina toetamine t\u00e4hendab iseenesest m\u00f5istetavalt, et oleme vastu Venemaa s\u00f5jale [&hellip;]<\/p>\n","protected":false},"author":80,"featured_media":161928,"comment_status":"open","ping_status":"open","sticky":false,"template":"","format":"standard","meta":{"_seopress_robots_primary_cat":"none","_seopress_titles_title":"","_seopress_titles_desc":"","_seopress_robots_index":"","footnotes":""},"categories":[203,142],"tags":[1236],"class_list":{"0":"post-161927","1":"post","2":"type-post","3":"status-publish","4":"format-standard","5":"has-post-thumbnail","7":"category-jalgpall","8":"category-uudised","9":"tag-konstantin-vassiljev"},"_links":{"self":[{"href":"https:\/\/www.sekundomer.ee\/et\/wp-json\/wp\/v2\/posts\/161927","targetHints":{"allow":["GET"]}}],"collection":[{"href":"https:\/\/www.sekundomer.ee\/et\/wp-json\/wp\/v2\/posts"}],"about":[{"href":"https:\/\/www.sekundomer.ee\/et\/wp-json\/wp\/v2\/types\/post"}],"author":[{"embeddable":true,"href":"https:\/\/www.sekundomer.ee\/et\/wp-json\/wp\/v2\/users\/80"}],"replies":[{"embeddable":true,"href":"https:\/\/www.sekundomer.ee\/et\/wp-json\/wp\/v2\/comments?post=161927"}],"version-history":[{"count":0,"href":"https:\/\/www.sekundomer.ee\/et\/wp-json\/wp\/v2\/posts\/161927\/revisions"}],"wp:featuredmedia":[{"embeddable":true,"href":"https:\/\/www.sekundomer.ee\/et\/wp-json\/wp\/v2\/media\/161928"}],"wp:attachment":[{"href":"https:\/\/www.sekundomer.ee\/et\/wp-json\/wp\/v2\/media?parent=161927"}],"wp:term":[{"taxonomy":"category","embeddable":true,"href":"https:\/\/www.sekundomer.ee\/et\/wp-json\/wp\/v2\/categories?post=161927"},{"taxonomy":"post_tag","embeddable":true,"href":"https:\/\/www.sekundomer.ee\/et\/wp-json\/wp\/v2\/tags?post=161927"}],"curies":[{"name":"wp","href":"https:\/\/api.w.org\/{rel}","templated":true}]}}