{"id":162863,"date":"2024-05-12T07:20:58","date_gmt":"2024-05-12T04:20:58","guid":{"rendered":"https:\/\/www.sekundomer.ee\/?p=162863"},"modified":"2024-05-12T07:20:58","modified_gmt":"2024-05-12T04:20:58","slug":"eesti-mm-tsuklile-pani-punkti-island","status":"publish","type":"post","link":"https:\/\/www.sekundomer.ee\/et\/uudised\/eesti-mm-tsuklile-pani-punkti-island\/","title":{"rendered":"Eesti MM-ts\u00fcklile pani punkti Island"},"content":{"rendered":"<p>Eile toimus Tallinnas MM kvalifikatsiooni teise faasi teise ringi korduskohtumine Eesti ja Islandi vahel. Ka sel korral v\u00e4ljus v\u00f5itjana Island, kellelt Eesti meeste rahvuskoondis pidi vastu v\u00f5tma 24:37 (13:18) kaotuse. Eesti koondise suurimad v\u00e4ravak\u00fctid olid Karl Toom ja Hendrik Koks 5 v\u00e4ravaga. Resultatiivseim islandlane oli Orri Freyr \u00deorkelsson 9 v\u00e4ravaga.<\/p>\n<p>\u201cT\u00e4nane m\u00e4ngupilt oli okei, realiseerimisega v\u00f5ib natukene norida. Klassivahe tuleb \u00fcldiselt sellega, et kiiruse vahe on m\u00e4rgatav,\u201d kommenteeris peatreener Martin Noodla. \u201cUsun, et saime v\u00f5itlusliku m\u00e4ngu t\u00f6\u00f6le, mis oli \u00fcks eesm\u00e4rke.\u201d<\/p>\n<p>\u201c[Kahe meeskonna] taseme vahe on olemas, aga positiivne, et suutsime kodus tunduvalt paremat m\u00e4ngu n\u00e4idata kui seal,\u201d lausus koondise kapten Karl Roosna. \u201cMeeskond on saanud kokku m\u00e4ngida natuke, uue treeneri m\u00f5ttek\u00e4ik ja v\u00f5ib positiivset loota [uues ts\u00fcklis].\u201d<\/p>\n<p>Koondtulemusega 49:87 l\u00f5ppes Eesti jaoks MM-ts\u00fckkel.<\/p>\n<p><em>Pildil: MM-p\u00e4\u00e4se j\u00e4\u00e4b sel korral vaid unistuseks, viskel Karl Toom (Karli Saul\/Eesti K\u00e4sipalliliit).<\/em><\/p>\n","protected":false},"excerpt":{"rendered":"<p>Eile toimus Tallinnas MM kvalifikatsiooni teise faasi teise ringi korduskohtumine Eesti ja Islandi vahel. Ka sel korral v\u00e4ljus v\u00f5itjana Island, kellelt Eesti meeste rahvuskoondis pidi vastu v\u00f5tma 24:37 (13:18) kaotuse. Eesti koondise suurimad v\u00e4ravak\u00fctid olid Karl Toom ja Hendrik Koks 5 v\u00e4ravaga. Resultatiivseim islandlane oli Orri Freyr \u00deorkelsson 9 v\u00e4ravaga. \u201cT\u00e4nane m\u00e4ngupilt oli okei, realiseerimisega [&hellip;]<\/p>\n","protected":false},"author":80,"featured_media":162864,"comment_status":"open","ping_status":"open","sticky":false,"template":"","format":"standard","meta":{"_seopress_robots_primary_cat":"none","_seopress_titles_title":"","_seopress_titles_desc":"","_seopress_robots_index":"","footnotes":""},"categories":[160,142],"tags":[],"class_list":{"0":"post-162863","1":"post","2":"type-post","3":"status-publish","4":"format-standard","5":"has-post-thumbnail","7":"category-kasipall","8":"category-uudised"},"_links":{"self":[{"href":"https:\/\/www.sekundomer.ee\/et\/wp-json\/wp\/v2\/posts\/162863","targetHints":{"allow":["GET"]}}],"collection":[{"href":"https:\/\/www.sekundomer.ee\/et\/wp-json\/wp\/v2\/posts"}],"about":[{"href":"https:\/\/www.sekundomer.ee\/et\/wp-json\/wp\/v2\/types\/post"}],"author":[{"embeddable":true,"href":"https:\/\/www.sekundomer.ee\/et\/wp-json\/wp\/v2\/users\/80"}],"replies":[{"embeddable":true,"href":"https:\/\/www.sekundomer.ee\/et\/wp-json\/wp\/v2\/comments?post=162863"}],"version-history":[{"count":0,"href":"https:\/\/www.sekundomer.ee\/et\/wp-json\/wp\/v2\/posts\/162863\/revisions"}],"wp:featuredmedia":[{"embeddable":true,"href":"https:\/\/www.sekundomer.ee\/et\/wp-json\/wp\/v2\/media\/162864"}],"wp:attachment":[{"href":"https:\/\/www.sekundomer.ee\/et\/wp-json\/wp\/v2\/media?parent=162863"}],"wp:term":[{"taxonomy":"category","embeddable":true,"href":"https:\/\/www.sekundomer.ee\/et\/wp-json\/wp\/v2\/categories?post=162863"},{"taxonomy":"post_tag","embeddable":true,"href":"https:\/\/www.sekundomer.ee\/et\/wp-json\/wp\/v2\/tags?post=162863"}],"curies":[{"name":"wp","href":"https:\/\/api.w.org\/{rel}","templated":true}]}}