{"id":163037,"date":"2024-05-21T13:23:00","date_gmt":"2024-05-21T10:23:00","guid":{"rendered":"https:\/\/www.sekundomer.ee\/?p=163037"},"modified":"2024-05-21T13:23:00","modified_gmt":"2024-05-21T10:23:00","slug":"karel-tilga-loobub-euroopa-meistrivoistlustel-osalemisest","status":"publish","type":"post","link":"https:\/\/www.sekundomer.ee\/et\/uudised\/karel-tilga-loobub-euroopa-meistrivoistlustel-osalemisest\/","title":{"rendered":"Karel Tilga loobub Euroopa meistriv\u00f5istlustel osalemisest"},"content":{"rendered":"<p style=\"font-weight: 400;\">Karel Tilga andis Eesti Kergej\u00f5ustikuliidule teada, et seoses 6 n\u00e4dalat tagasi treeningul tekkinud kerge p\u00f5lvevigastusega on ta sunnitud loobuma Euroopa meistriv\u00f5istlustel osalemisest.\u00a0Vigastus on paranemisj\u00e4rgus, aga kogu hooaega ja Pariisi ol\u00fcmpiam\u00e4nge silmas pidades on m\u00f5istlik mitte riskida.\u00a0Kareli treeningud j\u00e4tkuvad ja ettevalmistus ol\u00fcmpiam\u00e4ngudeks k\u00e4ib.\u00a0Plaan on osaleda USA lahtistel meistriv\u00f5istlustel k\u00fcmnev\u00f5istluses, mis toimuvad 21.-22. juuni Eugene\u2019is.<\/p>\n<p style=\"font-weight: 400;\">Euroopa meistriv\u00f5istluste kvalifikatsiooniperiood l\u00f5ppeb 26. mai ning osalevate sportlaste nimekirjad saavad selgeks hiljemalt 29. mai.<\/p>\n","protected":false},"excerpt":{"rendered":"<p>Karel Tilga andis Eesti Kergej\u00f5ustikuliidule teada, et seoses 6 n\u00e4dalat tagasi treeningul tekkinud kerge p\u00f5lvevigastusega on ta sunnitud loobuma Euroopa meistriv\u00f5istlustel osalemisest.\u00a0Vigastus on paranemisj\u00e4rgus, aga kogu hooaega ja Pariisi ol\u00fcmpiam\u00e4nge silmas pidades on m\u00f5istlik mitte riskida.\u00a0Kareli treeningud j\u00e4tkuvad ja ettevalmistus ol\u00fcmpiam\u00e4ngudeks k\u00e4ib.\u00a0Plaan on osaleda USA lahtistel meistriv\u00f5istlustel k\u00fcmnev\u00f5istluses, mis toimuvad 21.-22. juuni Eugene\u2019is. Euroopa meistriv\u00f5istluste [&hellip;]<\/p>\n","protected":false},"author":80,"featured_media":163038,"comment_status":"open","ping_status":"open","sticky":false,"template":"","format":"standard","meta":{"_seopress_robots_primary_cat":"none","_seopress_titles_title":"","_seopress_titles_desc":"","_seopress_robots_index":"","footnotes":""},"categories":[201,142],"tags":[1086],"class_list":{"0":"post-163037","1":"post","2":"type-post","3":"status-publish","4":"format-standard","5":"has-post-thumbnail","7":"category-kergejoustik","8":"category-uudised","9":"tag-karel-tilga"},"_links":{"self":[{"href":"https:\/\/www.sekundomer.ee\/et\/wp-json\/wp\/v2\/posts\/163037","targetHints":{"allow":["GET"]}}],"collection":[{"href":"https:\/\/www.sekundomer.ee\/et\/wp-json\/wp\/v2\/posts"}],"about":[{"href":"https:\/\/www.sekundomer.ee\/et\/wp-json\/wp\/v2\/types\/post"}],"author":[{"embeddable":true,"href":"https:\/\/www.sekundomer.ee\/et\/wp-json\/wp\/v2\/users\/80"}],"replies":[{"embeddable":true,"href":"https:\/\/www.sekundomer.ee\/et\/wp-json\/wp\/v2\/comments?post=163037"}],"version-history":[{"count":0,"href":"https:\/\/www.sekundomer.ee\/et\/wp-json\/wp\/v2\/posts\/163037\/revisions"}],"wp:featuredmedia":[{"embeddable":true,"href":"https:\/\/www.sekundomer.ee\/et\/wp-json\/wp\/v2\/media\/163038"}],"wp:attachment":[{"href":"https:\/\/www.sekundomer.ee\/et\/wp-json\/wp\/v2\/media?parent=163037"}],"wp:term":[{"taxonomy":"category","embeddable":true,"href":"https:\/\/www.sekundomer.ee\/et\/wp-json\/wp\/v2\/categories?post=163037"},{"taxonomy":"post_tag","embeddable":true,"href":"https:\/\/www.sekundomer.ee\/et\/wp-json\/wp\/v2\/tags?post=163037"}],"curies":[{"name":"wp","href":"https:\/\/api.w.org\/{rel}","templated":true}]}}