{"id":163269,"date":"2024-05-28T14:22:47","date_gmt":"2024-05-28T11:22:47","guid":{"rendered":"https:\/\/www.sekundomer.ee\/?p=163269"},"modified":"2024-05-28T14:22:47","modified_gmt":"2024-05-28T11:22:47","slug":"selgus-meeste-koondise-koosseis-juunikuu-mangudeks-vassiljev-lopetab-koondise-karjaari","status":"publish","type":"post","link":"https:\/\/www.sekundomer.ee\/et\/uudised\/selgus-meeste-koondise-koosseis-juunikuu-mangudeks-vassiljev-lopetab-koondise-karjaari\/","title":{"rendered":"Selgus meeste koondise koosseis juunikuu m\u00e4ngudeks, Vassiljev l\u00f5petab koondise karj\u00e4\u00e4ri"},"content":{"rendered":"<p>Eesti meeste koondise koosseisu kuulub juunikuu kolmeks kohtumiseks 27 m\u00e4ngijat.<\/p>\n<p>Kui m\u00e4rtsis teatas 38-aastane Ragnar Klavan, et tema koondisekarj\u00e4\u00e4r on l\u00f5ppenud, siis n\u00fc\u00fcd teatas koondisetee l\u00f5pust 39-aastane Konstantin Vassiljev. M\u00f5lemad mehed j\u00e4tkavad oma koduklubi eest m\u00e4ngimist ja m\u00f5lemal on p\u00e4rast m\u00e4ngijakarj\u00e4\u00e4ri l\u00f5ppu ees lahkumism\u00e4ng.<\/p>\n<p>Vassiljev kuulub lahkuva peatreeneri Thomas H\u00e4berli valikusse 4. juuni kohtumiseks \u0160veitsiga. \u201eKostja on m\u00e4nginud Eesti koondises aastate jooksul v\u00f5tmerolli, tegemist on t\u00e4iesti erakordse m\u00e4ngijaga. Minu peatreeneriks oleku aja jooksul otsustas ta mitmeid m\u00e4nguk\u00e4ike, oli v\u00f5tmerollis Balti turniiri v\u00f5idus ja koondise C-liigasse t\u00f5usmises. Ta on suurep\u00e4rane liider nii v\u00e4ljakul kui ka selle k\u00f5rval. M\u00e4ng \u0160veitsi vastu saab olema \u00fche peat\u00fcki l\u00f5pp, sest s\u00fcgisel alustatakse uue Rahvuste liiga ts\u00fckliga. Minu kindel soov oli, et Kostja oleks minu viimases m\u00e4ngus koosseisus,\u201d r\u00e4\u00e4kis H\u00e4berli.<\/p>\n<p>Alates 2006. aastast Eesti koondist esindanud Vassiljev \u00fctles, et ligi kaks k\u00fcmnendit Eesti eest palliplatsil v\u00f5idelda on olnud suur au. \u201eNii nagu elus ikka, iga teekond l\u00f5peb omal ajal. Loogiline koht minu koondisekarj\u00e4\u00e4rile punkt panna on praegu, kui eelmine valikts\u00fckkel koos <em>play-off<\/em>\u00a0m\u00e4nguga l\u00f5ppes ning samuti l\u00f5peb Thomase peatreeneriks oleku aeg. J\u00fcrgen alustab mitmeaastast projekti, kuhu kuuluvad juba teised m\u00e4ngijad,\u201d \u00fctles Vassiljev.<\/p>\n<p>Juunikuistest koondisem\u00e4ngudest j\u00e4\u00e4vad vigastuse t\u00f5ttu eemale kaitsjad Taijo Teniste ja Joonas Tamm, poolkaitsjad Mattias K\u00e4it ja Markus Soomets ning r\u00fcndajad Rauno Sappinen ja Oliver J\u00fcrgens. Koondisega liitub alates Balti turniiri m\u00e4ngust meeste koondise v\u00f5imalik deb\u00fctant Patrik Kristal, kes esialgu esindab noormeeste U21 koondist m\u00e4ngus Soome vastu.<\/p>\n<p>4. juunil juhendab Thomas H\u00e4berli koondist viimast korda, 8. juunil teeb koondise peatreenerina deb\u00fc\u00fcdi J\u00fcrgen Henn, kelle k\u00f5rval alustavad uued abitreenerid Joel Indermitte ja Arno Pijpers ning kehalise ettevalmistuse treener Ilo Rihvk. V\u00e4ravavahtide treenerina j\u00e4tkab Mart Poom.<\/p>\n<p>Meeste koondis m\u00e4ngib 4. juunil v\u00f5\u00f5risl \u0160veitsiga. Aasta esimene kodum\u00e4ng toimub 8. juunil, kui A. Le Coq Arenal minnakse Balti turniiri m\u00e4ngus vastamisi F\u00e4\u00e4ri saarte koondisega.<\/p>\n<p><strong>V\u00e4ravavahid<br \/>\n<\/strong>Karl Jakob Hein (13.04.2002) \u2013 Arsenal FC (ENG) 29\/0<strong><br \/>\n<\/strong>Matvei Igonen (02.10.1996) \u2013 Plovdivi Botev (BUL) 14\/0<strong><br \/>\n<\/strong>Karl Andre Vallner (28.02.1998) \u2013 Tallinna FCI Levadia 3\/0<\/p>\n<p><strong>Kaitsjad<\/strong><br \/>\nKarol Mets (16.05.1993) \u2013 FC St. Pauli (GER) 92\/0<br \/>\nArtur Pikk (05.03.1993) \u2013 Opole Odra (POL) 58\/1<br \/>\nM\u00e4rten Kuusk (05.04.1996) \u2013 GKS Katowice (POL) 30\/0<br \/>\nMaksim Paskot\u0161i (19.01.2003) \u2013 Z\u00fcrichi Grasshopper (SUI) 26\/0<br \/>\nMichael Lilander (20.06.1997) \u2013 Bohemian FC (IRL) 16\/0<br \/>\nRasmus Peetson (03.05.1995) \u2013 Tallinna FCI Levadia 14\/1<br \/>\nErko Jonne T\u00f5ugjas (05.07.2003) \u2013 Tallinna FC Flora 4\/0<br \/>\nKristo Hussar (28.06.2002) \u2013 Tallinna FC Flora 3\/0<br \/>\nEdgar Tur (28.12.1996) \u2013 Tallinna FCI Levadia 3\/0<br \/>\nMichael Schj\u00f8nning-Larsen (02.02.2001) \u2013 Tallinna FCI Levadia 0\/0<\/p>\n<p><strong>Poolkaitsjad<\/strong><br \/>\nKonstantin Vassiljev (16.08.1984) \u2013 Tallinna FC Flora 157\/26**<br \/>\nVlasiy Sinyavskiy (27.11.1996) \u2013 FC Slovacko (CZE) 33\/0<br \/>\nMartin Miller (25.09.1997) \u2013 Bohemian FC (IRL) 31\/2<br \/>\nMarkus Poom (27.02.1999) \u2013 Shamrock Rovers (IRL) 23\/0<br \/>\nMihkel Ainsalu (08.03.1996) \u2013 Tallinna FCI Levadia 16\/0<br \/>\nRocco Robert Shein (14.07.2003) \u2013 FC Dordrecht (NED) 8\/0<br \/>\nMartin Vetkal (21.02.2004) \u2013 AS Roma (ITA) 5\/1<br \/>\nKevor Palumets (21.11.2002) \u2013 Waregemi Zulte (BEL) 3\/1<br \/>\nPatrik Kristal (12.11.2007) \u2013 Paide Linnameeskond 0\/0*<\/p>\n<p><strong>R\u00fcndajad<\/strong><br \/>\nHenri Anier (17.12.1990) \u2013 Lee Man (HKG) 93\/22<br \/>\nErik Sorga (08.07.1999) \u2013 Sumgayit FK (AZE) 28\/4<br \/>\nMark Anders Lepik (10.09.2000) \u2013 Tallinna FC Flora 7\/0<br \/>\nAlex Matthias Tamm (24.07.2001) \u2013 N\u00f5mme Kalju FC 4\/1<br \/>\nRobi Saarma (20.05.2001) \u2013 Paide Linnameeskond 2\/0<br \/>\nPeatreener: Thomas H\u00e4berli<\/p>\n","protected":false},"excerpt":{"rendered":"<p>Eesti meeste koondise koosseisu kuulub juunikuu kolmeks kohtumiseks 27 m\u00e4ngijat. Kui m\u00e4rtsis teatas 38-aastane Ragnar Klavan, et tema koondisekarj\u00e4\u00e4r on l\u00f5ppenud, siis n\u00fc\u00fcd teatas koondisetee l\u00f5pust 39-aastane Konstantin Vassiljev. M\u00f5lemad mehed j\u00e4tkavad oma koduklubi eest m\u00e4ngimist ja m\u00f5lemal on p\u00e4rast m\u00e4ngijakarj\u00e4\u00e4ri l\u00f5ppu ees lahkumism\u00e4ng. Vassiljev kuulub lahkuva peatreeneri Thomas H\u00e4berli valikusse 4. juuni kohtumiseks \u0160veitsiga. [&hellip;]<\/p>\n","protected":false},"author":80,"featured_media":163271,"comment_status":"open","ping_status":"open","sticky":false,"template":"","format":"standard","meta":{"_seopress_robots_primary_cat":"none","_seopress_titles_title":"","_seopress_titles_desc":"","_seopress_robots_index":"","footnotes":""},"categories":[203,142],"tags":[],"class_list":{"0":"post-163269","1":"post","2":"type-post","3":"status-publish","4":"format-standard","5":"has-post-thumbnail","7":"category-jalgpall","8":"category-uudised"},"_links":{"self":[{"href":"https:\/\/www.sekundomer.ee\/et\/wp-json\/wp\/v2\/posts\/163269","targetHints":{"allow":["GET"]}}],"collection":[{"href":"https:\/\/www.sekundomer.ee\/et\/wp-json\/wp\/v2\/posts"}],"about":[{"href":"https:\/\/www.sekundomer.ee\/et\/wp-json\/wp\/v2\/types\/post"}],"author":[{"embeddable":true,"href":"https:\/\/www.sekundomer.ee\/et\/wp-json\/wp\/v2\/users\/80"}],"replies":[{"embeddable":true,"href":"https:\/\/www.sekundomer.ee\/et\/wp-json\/wp\/v2\/comments?post=163269"}],"version-history":[{"count":0,"href":"https:\/\/www.sekundomer.ee\/et\/wp-json\/wp\/v2\/posts\/163269\/revisions"}],"wp:featuredmedia":[{"embeddable":true,"href":"https:\/\/www.sekundomer.ee\/et\/wp-json\/wp\/v2\/media\/163271"}],"wp:attachment":[{"href":"https:\/\/www.sekundomer.ee\/et\/wp-json\/wp\/v2\/media?parent=163269"}],"wp:term":[{"taxonomy":"category","embeddable":true,"href":"https:\/\/www.sekundomer.ee\/et\/wp-json\/wp\/v2\/categories?post=163269"},{"taxonomy":"post_tag","embeddable":true,"href":"https:\/\/www.sekundomer.ee\/et\/wp-json\/wp\/v2\/tags?post=163269"}],"curies":[{"name":"wp","href":"https:\/\/api.w.org\/{rel}","templated":true}]}}