{"id":163368,"date":"2024-06-03T21:02:37","date_gmt":"2024-06-03T18:02:37","guid":{"rendered":"https:\/\/www.sekundomer.ee\/?p=163368"},"modified":"2024-06-03T21:02:37","modified_gmt":"2024-06-03T18:02:37","slug":"viimsi-meeskonna-tagamangija-stefan-vaaks-kutsuti-nba-dfafti-eelsesse-laagrisse","status":"publish","type":"post","link":"https:\/\/www.sekundomer.ee\/et\/uudised\/viimsi-meeskonna-tagamangija-stefan-vaaks-kutsuti-nba-dfafti-eelsesse-laagrisse\/","title":{"rendered":"Viimsi meeskonna tagam\u00e4ngija Stefan Vaaks kutsuti NBA dfafti-eelsesse laagrisse"},"content":{"rendered":"<p><span style=\"color: #222222; font-family: Verdana, BlinkMacSystemFont, -apple-system, 'Segoe UI', Roboto, Oxygen, Ubuntu, Cantarell, 'Open Sans', 'Helvetica Neue', sans-serif; font-size: 15px;\">Viimsi meeskonna tagam\u00e4ngija Stefan Vaaks on kutsutud NBA drafti-eelsesse laagrisse, mis leiab aset 1.-3. juunini Itaalias, Trevisos.<\/span><\/p>\n<div>\n<div class=\"news_content advancedImagesArea\">\n<p>NBA Eurocamp on ainus ametlik NBA drafti-eelne laager, mis toimub v\u00e4ljaspool Ameerika \u00dchendriike. Tegemist on eksklusiivse laagriga, kus on l\u00e4bi ajaloo osalenud sadu tulevasi NBA ja Euroliiga m\u00e4ngijaid. Laagrit k\u00fclastavad NBA ja Euroliiga treenerid, skaudid ja agendid.<\/p>\n<p>Vaaksu agentuur PRIME Athlete Management t\u00e4nas oma sotsiaalmeedia postituses Viimsi klubi peatreenerit Valdo Lipsu ning tegevjuhti Tanel Einastet, kes on noorm\u00e4ngijat usaldanud ning v\u00f5imaldanud tal teha oma karj\u00e4\u00e4ris j\u00e4rgmised sammud.<\/p>\n<p>T\u00e4navusel hooajal viskas mai alguses 19-aastaseks saanud Vaaks Paf Eesti-L\u00e4ti Korvpalliliigas keskmiselt 15.6 punkti olles sellega \u00fcks liiga s\u00e4ravamaid noorm\u00e4ngijaid.<\/p>\n<p><em>basket.ee<\/em><\/p>\n<\/div>\n<\/div>\n","protected":false},"excerpt":{"rendered":"<p>Viimsi meeskonna tagam\u00e4ngija Stefan Vaaks on kutsutud NBA drafti-eelsesse laagrisse, mis leiab aset 1.-3. juunini Itaalias, Trevisos. NBA Eurocamp on ainus ametlik NBA drafti-eelne laager, mis toimub v\u00e4ljaspool Ameerika \u00dchendriike. Tegemist on eksklusiivse laagriga, kus on l\u00e4bi ajaloo osalenud sadu tulevasi NBA ja Euroliiga m\u00e4ngijaid. Laagrit k\u00fclastavad NBA ja Euroliiga treenerid, skaudid ja agendid. Vaaksu [&hellip;]<\/p>\n","protected":false},"author":80,"featured_media":163369,"comment_status":"open","ping_status":"open","sticky":false,"template":"","format":"standard","meta":{"_seopress_robots_primary_cat":"none","_seopress_titles_title":"","_seopress_titles_desc":"","_seopress_robots_index":"","footnotes":""},"categories":[150,142],"tags":[],"class_list":{"0":"post-163368","1":"post","2":"type-post","3":"status-publish","4":"format-standard","5":"has-post-thumbnail","7":"category-korvpall","8":"category-uudised"},"_links":{"self":[{"href":"https:\/\/www.sekundomer.ee\/et\/wp-json\/wp\/v2\/posts\/163368","targetHints":{"allow":["GET"]}}],"collection":[{"href":"https:\/\/www.sekundomer.ee\/et\/wp-json\/wp\/v2\/posts"}],"about":[{"href":"https:\/\/www.sekundomer.ee\/et\/wp-json\/wp\/v2\/types\/post"}],"author":[{"embeddable":true,"href":"https:\/\/www.sekundomer.ee\/et\/wp-json\/wp\/v2\/users\/80"}],"replies":[{"embeddable":true,"href":"https:\/\/www.sekundomer.ee\/et\/wp-json\/wp\/v2\/comments?post=163368"}],"version-history":[{"count":0,"href":"https:\/\/www.sekundomer.ee\/et\/wp-json\/wp\/v2\/posts\/163368\/revisions"}],"wp:featuredmedia":[{"embeddable":true,"href":"https:\/\/www.sekundomer.ee\/et\/wp-json\/wp\/v2\/media\/163369"}],"wp:attachment":[{"href":"https:\/\/www.sekundomer.ee\/et\/wp-json\/wp\/v2\/media?parent=163368"}],"wp:term":[{"taxonomy":"category","embeddable":true,"href":"https:\/\/www.sekundomer.ee\/et\/wp-json\/wp\/v2\/categories?post=163368"},{"taxonomy":"post_tag","embeddable":true,"href":"https:\/\/www.sekundomer.ee\/et\/wp-json\/wp\/v2\/tags?post=163368"}],"curies":[{"name":"wp","href":"https:\/\/api.w.org\/{rel}","templated":true}]}}