{"id":163448,"date":"2024-06-08T15:52:58","date_gmt":"2024-06-08T12:52:58","guid":{"rendered":"https:\/\/www.sekundomer.ee\/?p=163448"},"modified":"2024-06-08T15:52:58","modified_gmt":"2024-06-08T12:52:58","slug":"rooma-adam-kellyle-em-debuudil-13-koht","status":"publish","type":"post","link":"https:\/\/www.sekundomer.ee\/et\/uudised\/rooma-adam-kellyle-em-debuudil-13-koht\/","title":{"rendered":"Rooma: Adam Kellyle EM deb\u00fc\u00fcdil 13. koht"},"content":{"rendered":"<div class=\"xdj266r x11i5rnm xat24cr x1mh8g0r x1vvkbs x126k92a\">\n<p dir=\"auto\">Rooma EM-i teisel p\u00e4eval tegi oma tiitliv\u00f5istluste deb\u00fc\u00fcdi ka vasaraheitja Adam Kelly. Eelv\u00f5istlusel m\u00f5\u00f5deti tema parima katse tulemuseks 73.92. Selle tulemusega sai Adam 13. koha ning j\u00e4i kahjuks esimesena finaali ukse taha. Finaalv\u00f5istlusele viis edasi tulemus 74.49.<\/p>\n<p dir=\"auto\">Marleen M\u00fclla sai teivash\u00fcppes \u00fcldarvestuses 16. koha tulemusega 4.40.<\/p>\n<p dir=\"auto\">Kolm Eesti sportlast v\u00f5istlevad homme poolmaratoni stardis.<\/p>\n<\/div>\n","protected":false},"excerpt":{"rendered":"<p>Rooma EM-i teisel p\u00e4eval tegi oma tiitliv\u00f5istluste deb\u00fc\u00fcdi ka vasaraheitja Adam Kelly. Eelv\u00f5istlusel m\u00f5\u00f5deti tema parima katse tulemuseks 73.92. Selle tulemusega sai Adam 13. koha ning j\u00e4i kahjuks esimesena finaali ukse taha. Finaalv\u00f5istlusele viis edasi tulemus 74.49. Marleen M\u00fclla sai teivash\u00fcppes \u00fcldarvestuses 16. koha tulemusega 4.40. Kolm Eesti sportlast v\u00f5istlevad homme poolmaratoni stardis.<\/p>\n","protected":false},"author":80,"featured_media":163442,"comment_status":"open","ping_status":"open","sticky":false,"template":"","format":"standard","meta":{"_seopress_robots_primary_cat":"none","_seopress_titles_title":"","_seopress_titles_desc":"","_seopress_robots_index":"","footnotes":""},"categories":[201,142],"tags":[1255],"class_list":{"0":"post-163448","1":"post","2":"type-post","3":"status-publish","4":"format-standard","5":"has-post-thumbnail","7":"category-kergejoustik","8":"category-uudised","9":"tag-adam-kelly"},"_links":{"self":[{"href":"https:\/\/www.sekundomer.ee\/et\/wp-json\/wp\/v2\/posts\/163448","targetHints":{"allow":["GET"]}}],"collection":[{"href":"https:\/\/www.sekundomer.ee\/et\/wp-json\/wp\/v2\/posts"}],"about":[{"href":"https:\/\/www.sekundomer.ee\/et\/wp-json\/wp\/v2\/types\/post"}],"author":[{"embeddable":true,"href":"https:\/\/www.sekundomer.ee\/et\/wp-json\/wp\/v2\/users\/80"}],"replies":[{"embeddable":true,"href":"https:\/\/www.sekundomer.ee\/et\/wp-json\/wp\/v2\/comments?post=163448"}],"version-history":[{"count":0,"href":"https:\/\/www.sekundomer.ee\/et\/wp-json\/wp\/v2\/posts\/163448\/revisions"}],"wp:featuredmedia":[{"embeddable":true,"href":"https:\/\/www.sekundomer.ee\/et\/wp-json\/wp\/v2\/media\/163442"}],"wp:attachment":[{"href":"https:\/\/www.sekundomer.ee\/et\/wp-json\/wp\/v2\/media?parent=163448"}],"wp:term":[{"taxonomy":"category","embeddable":true,"href":"https:\/\/www.sekundomer.ee\/et\/wp-json\/wp\/v2\/categories?post=163448"},{"taxonomy":"post_tag","embeddable":true,"href":"https:\/\/www.sekundomer.ee\/et\/wp-json\/wp\/v2\/tags?post=163448"}],"curies":[{"name":"wp","href":"https:\/\/api.w.org\/{rel}","templated":true}]}}