{"id":163611,"date":"2024-06-18T23:59:11","date_gmt":"2024-06-18T20:59:11","guid":{"rendered":"https:\/\/www.sekundomer.ee\/?p=163611"},"modified":"2024-06-18T23:59:11","modified_gmt":"2024-06-18T20:59:11","slug":"tubli-irina-embrich-tuli-euroopa-meistriks","status":"publish","type":"post","link":"https:\/\/www.sekundomer.ee\/et\/uudised\/tubli-irina-embrich-tuli-euroopa-meistriks\/","title":{"rendered":"Tubli! Irina Embrich tuli Euroopa meistriks!"},"content":{"rendered":"<p>Irina Embrich teenis teisip\u00e4eval oma karj\u00e4\u00e4ri esimese kuldmedali tiitliv\u00f5istluste individuaalsel turniiril, kui alistas suurep\u00e4rase turniiri j\u00e4rel \u0160veitsis Baselis toimuvatel Euroopa meistriv\u00f5istlustel finaalis prantslanna Auriane Mallo-Bretoni 15:12.<\/p>\n<p>Irina Embrich v\u00f5itis viimati tiitliv\u00f5istlustel individuaalses v\u00f5istluses medali aastal 2007, kui teenis Peterburis toimunud MM-il pronksmedali.<\/p>\n<p><em>Foto: Facebook\/FIE &#8211; International Fencing Federation<\/em><\/p>\n","protected":false},"excerpt":{"rendered":"<p>Irina Embrich teenis teisip\u00e4eval oma karj\u00e4\u00e4ri esimese kuldmedali tiitliv\u00f5istluste individuaalsel turniiril, kui alistas suurep\u00e4rase turniiri j\u00e4rel \u0160veitsis Baselis toimuvatel Euroopa meistriv\u00f5istlustel finaalis prantslanna Auriane Mallo-Bretoni 15:12. Irina Embrich v\u00f5itis viimati tiitliv\u00f5istlustel individuaalses v\u00f5istluses medali aastal 2007, kui teenis Peterburis toimunud MM-il pronksmedali. Foto: Facebook\/FIE &#8211; International Fencing Federation<\/p>\n","protected":false},"author":80,"featured_media":163612,"comment_status":"open","ping_status":"open","sticky":false,"template":"","format":"standard","meta":{"_seopress_robots_primary_cat":"none","_seopress_titles_title":"","_seopress_titles_desc":"","_seopress_robots_index":"","footnotes":""},"categories":[142,184],"tags":[1258],"class_list":{"0":"post-163611","1":"post","2":"type-post","3":"status-publish","4":"format-standard","5":"has-post-thumbnail","7":"category-uudised","8":"category-vehklemine","9":"tag-irina-embrich"},"_links":{"self":[{"href":"https:\/\/www.sekundomer.ee\/et\/wp-json\/wp\/v2\/posts\/163611","targetHints":{"allow":["GET"]}}],"collection":[{"href":"https:\/\/www.sekundomer.ee\/et\/wp-json\/wp\/v2\/posts"}],"about":[{"href":"https:\/\/www.sekundomer.ee\/et\/wp-json\/wp\/v2\/types\/post"}],"author":[{"embeddable":true,"href":"https:\/\/www.sekundomer.ee\/et\/wp-json\/wp\/v2\/users\/80"}],"replies":[{"embeddable":true,"href":"https:\/\/www.sekundomer.ee\/et\/wp-json\/wp\/v2\/comments?post=163611"}],"version-history":[{"count":0,"href":"https:\/\/www.sekundomer.ee\/et\/wp-json\/wp\/v2\/posts\/163611\/revisions"}],"wp:featuredmedia":[{"embeddable":true,"href":"https:\/\/www.sekundomer.ee\/et\/wp-json\/wp\/v2\/media\/163612"}],"wp:attachment":[{"href":"https:\/\/www.sekundomer.ee\/et\/wp-json\/wp\/v2\/media?parent=163611"}],"wp:term":[{"taxonomy":"category","embeddable":true,"href":"https:\/\/www.sekundomer.ee\/et\/wp-json\/wp\/v2\/categories?post=163611"},{"taxonomy":"post_tag","embeddable":true,"href":"https:\/\/www.sekundomer.ee\/et\/wp-json\/wp\/v2\/tags?post=163611"}],"curies":[{"name":"wp","href":"https:\/\/api.w.org\/{rel}","templated":true}]}}