{"id":163674,"date":"2024-06-21T18:30:40","date_gmt":"2024-06-21T15:30:40","guid":{"rendered":"https:\/\/www.sekundomer.ee\/?p=163674"},"modified":"2024-06-21T18:30:40","modified_gmt":"2024-06-21T15:30:40","slug":"eesti-noormeeste-u17-koondist-esindab-balti-turniiril-23-mangijat","status":"publish","type":"post","link":"https:\/\/www.sekundomer.ee\/et\/uudised\/eesti-noormeeste-u17-koondist-esindab-balti-turniiril-23-mangijat\/","title":{"rendered":"Eesti noormeeste U17 koondist esindab Balti turniiril 23 m\u00e4ngijat"},"content":{"rendered":"<div>Eesti noormeeste U17 koondis v\u00f5istleb 26.\u201330. juunini L\u00e4tis* toimuval Balti turniiril, kus minnakse vastamisi v\u00f5\u00f5rustajariigi, Soome ja Leedu eakaaslastega. Peatreener Andres Oper nimetas koosseisu 23 m\u00e4ngijat.<\/div>\n<div><\/div>\n<div>Koondis koguneb esmasp\u00e4eval, 24. juulil ning enne reisi ootab koondist ees kaks treeningut Tallinnas. Teekonda L\u00e4tti* alustatakse teisip\u00e4eva, 25. juuni l\u00f5unal.<\/div>\n<div>Esimese kohtumise peab Eesti kolmap\u00e4eval, 26. juunil kell 16.00, kui vastamisi minnakse turniiri k\u00fclalisriigi Soomega. Kaks p\u00e4eva hiljem, 28. juunil kell 16.00 ootab koondist v\u00f5\u00f5rustajariik L\u00e4ti* ning viimase kohtumise m\u00e4ngib Eesti p\u00fchap\u00e4eval, 30. juunil kell 12.00 Leedu eakaaslastega.<\/div>\n<div><\/div>\n<div><u>Noormeeste U17 koondise koosseis Balti turniiriks<\/u>:<\/div>\n<div><b>V\u00e4ravavahid<\/b><br \/>\nKaarel Ruus (18.12.2008) \u2013 FC N\u00f5mme United<br \/>\nSander Ristna (28.10.2008) \u2013 Tallinna FC Flora<br \/>\nMarkkus Ristimets (19.08.2008) \u2013 P\u00e4rnu JK Vaprus<\/div>\n<div><b>Kaitsjad<\/b><br \/>\nRomet Leppik (11.05.2008) \u2013 Tallinna FC Flora<br \/>\nPatrick Pihlak (19.08.2008) \u2013 Tallinna FC Flora<br \/>\nJohann Gregor Allas (06.11.2008) \u2013 P\u00e4rnu JK Vaprus<br \/>\nTristan Zahovaiko (18.09.2008) \u2013 FC N\u00f5mme United<br \/>\nMikhail D\u017eemesjuk (08.07.2008) \u2013 FC Tallinn<br \/>\nJakob K\u00e4is (22.09.2008) \u2013 FC N\u00f5mme United<br \/>\nMarkus Kasemaa Jarl (07.03.2008) \u2013 Viimsi JK<br \/>\nMark Villem Marmei (03.03.2008) \u2013 FC N\u00f5mme United<\/div>\n<div><b>Poolkaitsjad ja r\u00fcndajad<\/b><br \/>\nRemo Valdmets (06.01.2008) \u2013 Tallinna FC Flora<br \/>\nKarl Patric Zilmer (10.06.2008) \u2013 FC N\u00f5mme United<br \/>\nArtem Fesenko (14.02.2008) \u2013 Tallinna FCI Levadia<br \/>\nMohamed Amin Ouertani (31.10.2008) \u2013 Tallinna FCI Levadia<br \/>\nKarl M\u00e4gi (23.07.2008) \u2013 Viimsi JK<br \/>\nNikita Kalm\u00f5kov (12.09.2008) \u2013 FC N\u00f5mme United<br \/>\nSander Alamaa (09.02.2008) \u2013 Tallinna FC Flora<br \/>\nMarten-Chris Paalberg (08.10.2008) \u2013 P\u00e4rnu JK Vaprus<br \/>\nEmil Dolgov (10.05.2008) \u2013 P\u00e4rnu JK Vaprus<br \/>\nBruno \u00d5unapuu (17.07.2008) \u2013 FC N\u00f5mme United<br \/>\nAndero Kaares (29.06.2009) \u2013 Tallinna FC Flora<br \/>\nEerik Paltser (02.05.2008) \u2013 Tallinna FC Flora<\/div>\n<div>Peatreener: Andres Oper<\/div>\n<div><\/div>\n<div>\n<div><em>*Toimumiskoht muudetud<\/em><\/div>\n<div><em>Pildil Eerik Paltser aprillikuises kohtumises P\u00f5hja-Iirimaa vastu. Foto: Katariina Peetson\/jalgpall.ee<\/em><\/div>\n<div><em>EJLi pressiteenistus<\/em><\/div>\n<\/div>\n<div><\/div>\n","protected":false},"excerpt":{"rendered":"<p>Eesti noormeeste U17 koondis v\u00f5istleb 26.\u201330. juunini L\u00e4tis* toimuval Balti turniiril, kus minnakse vastamisi v\u00f5\u00f5rustajariigi, Soome ja Leedu eakaaslastega. Peatreener Andres Oper nimetas koosseisu 23 m\u00e4ngijat. Koondis koguneb esmasp\u00e4eval, 24. juulil ning enne reisi ootab koondist ees kaks treeningut Tallinnas. Teekonda L\u00e4tti* alustatakse teisip\u00e4eva, 25. juuni l\u00f5unal. Esimese kohtumise peab Eesti kolmap\u00e4eval, 26. juunil kell [&hellip;]<\/p>\n","protected":false},"author":80,"featured_media":163675,"comment_status":"open","ping_status":"open","sticky":false,"template":"","format":"standard","meta":{"_seopress_robots_primary_cat":"none","_seopress_titles_title":"","_seopress_titles_desc":"","_seopress_robots_index":"","footnotes":""},"categories":[203,142],"tags":[],"class_list":{"0":"post-163674","1":"post","2":"type-post","3":"status-publish","4":"format-standard","5":"has-post-thumbnail","7":"category-jalgpall","8":"category-uudised"},"_links":{"self":[{"href":"https:\/\/www.sekundomer.ee\/et\/wp-json\/wp\/v2\/posts\/163674","targetHints":{"allow":["GET"]}}],"collection":[{"href":"https:\/\/www.sekundomer.ee\/et\/wp-json\/wp\/v2\/posts"}],"about":[{"href":"https:\/\/www.sekundomer.ee\/et\/wp-json\/wp\/v2\/types\/post"}],"author":[{"embeddable":true,"href":"https:\/\/www.sekundomer.ee\/et\/wp-json\/wp\/v2\/users\/80"}],"replies":[{"embeddable":true,"href":"https:\/\/www.sekundomer.ee\/et\/wp-json\/wp\/v2\/comments?post=163674"}],"version-history":[{"count":0,"href":"https:\/\/www.sekundomer.ee\/et\/wp-json\/wp\/v2\/posts\/163674\/revisions"}],"wp:featuredmedia":[{"embeddable":true,"href":"https:\/\/www.sekundomer.ee\/et\/wp-json\/wp\/v2\/media\/163675"}],"wp:attachment":[{"href":"https:\/\/www.sekundomer.ee\/et\/wp-json\/wp\/v2\/media?parent=163674"}],"wp:term":[{"taxonomy":"category","embeddable":true,"href":"https:\/\/www.sekundomer.ee\/et\/wp-json\/wp\/v2\/categories?post=163674"},{"taxonomy":"post_tag","embeddable":true,"href":"https:\/\/www.sekundomer.ee\/et\/wp-json\/wp\/v2\/tags?post=163674"}],"curies":[{"name":"wp","href":"https:\/\/api.w.org\/{rel}","templated":true}]}}