{"id":163756,"date":"2024-06-26T15:50:06","date_gmt":"2024-06-26T12:50:06","guid":{"rendered":"https:\/\/www.sekundomer.ee\/?p=163756"},"modified":"2024-06-26T15:51:50","modified_gmt":"2024-06-26T12:51:50","slug":"eesti-naiste-u23-koondise-peatreeneriks-saab-martin-reim","status":"publish","type":"post","link":"https:\/\/www.sekundomer.ee\/et\/uudised\/eesti-naiste-u23-koondise-peatreeneriks-saab-martin-reim\/","title":{"rendered":"Eesti naiste U23 koondise peatreeneriks saab Martin Reim"},"content":{"rendered":"<p>Juuli algusest asub naiste U23 koondist juhendama Martin Reim. 53-aastane Reim omandas UEFA Pro treenerikvalifikatsiooni 2006. aastal. Peatreenerina on ta t\u00f6\u00f6tanud Tallinna FC Flora ja FCI Levadia esindusmeeskondades, Eesti U19 ja U21 noortekoondistes ning aastatel 2016\u20132019 juhendas Reim Eesti meeste koondist. Meeste koondise peatreenerina sai Reim 36 m\u00e4nguga kirja 13 v\u00f5itu ja 8 viiki.<\/p>\n<p>Alates 2007. aastast on Reim Viimsis omanimelise jalgpalliklubi juht ning 2022. aastal sai temast Meistriliigas palliva Viimsi JK naiskonna peatreener.<\/p>\n<p>Lisaks Reimile juhendab naiste U23 koondist abitreener Maria Sootak ning v\u00e4ravavahtide treener Kevin Kr\u00fcnvald. Koondise f\u00fcsioterapeut on Leila Ilisson.<\/p>\n<p>Esimese treeninglaagri uue peatreeneri k\u00e4e all peab naiste U23 koondis juuli teisel n\u00e4dalal.<\/p>\n<p><i>Pildil Martin Reim. Foto: Liisi Troska\/jalgpall.ee<\/i><\/p>\n","protected":false},"excerpt":{"rendered":"<p>Juuli algusest asub naiste U23 koondist juhendama Martin Reim. 53-aastane Reim omandas UEFA Pro treenerikvalifikatsiooni 2006. aastal. Peatreenerina on ta t\u00f6\u00f6tanud Tallinna FC Flora ja FCI Levadia esindusmeeskondades, Eesti U19 ja U21 noortekoondistes ning aastatel 2016\u20132019 juhendas Reim Eesti meeste koondist. Meeste koondise peatreenerina sai Reim 36 m\u00e4nguga kirja 13 v\u00f5itu ja 8 viiki. Alates [&hellip;]<\/p>\n","protected":false},"author":80,"featured_media":163757,"comment_status":"open","ping_status":"open","sticky":false,"template":"","format":"standard","meta":{"_seopress_robots_primary_cat":"none","_seopress_titles_title":"","_seopress_titles_desc":"","_seopress_robots_index":"","footnotes":""},"categories":[203,142],"tags":[1261],"class_list":{"0":"post-163756","1":"post","2":"type-post","3":"status-publish","4":"format-standard","5":"has-post-thumbnail","7":"category-jalgpall","8":"category-uudised","9":"tag-martin-reim"},"_links":{"self":[{"href":"https:\/\/www.sekundomer.ee\/et\/wp-json\/wp\/v2\/posts\/163756","targetHints":{"allow":["GET"]}}],"collection":[{"href":"https:\/\/www.sekundomer.ee\/et\/wp-json\/wp\/v2\/posts"}],"about":[{"href":"https:\/\/www.sekundomer.ee\/et\/wp-json\/wp\/v2\/types\/post"}],"author":[{"embeddable":true,"href":"https:\/\/www.sekundomer.ee\/et\/wp-json\/wp\/v2\/users\/80"}],"replies":[{"embeddable":true,"href":"https:\/\/www.sekundomer.ee\/et\/wp-json\/wp\/v2\/comments?post=163756"}],"version-history":[{"count":0,"href":"https:\/\/www.sekundomer.ee\/et\/wp-json\/wp\/v2\/posts\/163756\/revisions"}],"wp:featuredmedia":[{"embeddable":true,"href":"https:\/\/www.sekundomer.ee\/et\/wp-json\/wp\/v2\/media\/163757"}],"wp:attachment":[{"href":"https:\/\/www.sekundomer.ee\/et\/wp-json\/wp\/v2\/media?parent=163756"}],"wp:term":[{"taxonomy":"category","embeddable":true,"href":"https:\/\/www.sekundomer.ee\/et\/wp-json\/wp\/v2\/categories?post=163756"},{"taxonomy":"post_tag","embeddable":true,"href":"https:\/\/www.sekundomer.ee\/et\/wp-json\/wp\/v2\/tags?post=163756"}],"curies":[{"name":"wp","href":"https:\/\/api.w.org\/{rel}","templated":true}]}}