{"id":164060,"date":"2024-07-04T20:40:58","date_gmt":"2024-07-04T17:40:58","guid":{"rendered":"https:\/\/www.sekundomer.ee\/?p=164060"},"modified":"2024-07-04T20:40:58","modified_gmt":"2024-07-04T17:40:58","slug":"sillamae-sillale-loositi-saalijalgpalli-meistrite-liiga-eelringi-vastased","status":"publish","type":"post","link":"https:\/\/www.sekundomer.ee\/et\/uudised\/sillamae-sillale-loositi-saalijalgpalli-meistrite-liiga-eelringi-vastased\/","title":{"rendered":"Sillam\u00e4e Sillale loositi saalijalgpalli Meistrite liiga eelringi vastased"},"content":{"rendered":"<div class=\"intro\">\n<p>T\u00e4na, 4. juulil \u0160veitsis Nyonis toimunud saalijalgpalli Meistrite liiga eelringi loosimisel sai Eestit esindav Sillam\u00e4e Silla FC \u00fchte alagruppi Aserbaid\u017eaani, Rootsi ja P\u00f5hja-Iirimaa klubidega.<\/p>\n<p>Eelringi alagrupis l\u00e4heb valitsev Eesti meister Sillam\u00e4e Silla vastamisi Araz Naxcivani (Aserbaid\u017eaan), Uddevalla Futsal Club-i (Rootsi) ja Sparta Belfast-iga (P\u00f5hja-Iirimaa). Sillam\u00e4e osalusega alagrupiturniir toimub 20.\u201325. augustini Rootsis, t\u00e4psed m\u00e4ngude toimumisajad teatab jalgpalliliit esimesel v\u00f5imalusel.<\/p>\n<\/div>\n<p>Saalijalgpalli Meistrite liiga turniiril osaleb kokku 56 meeskonda. Lisaks valitsevale meistrile Mallorca Palma Futsalile p\u00e4\u00e4sevad 23 k\u00f5ige k\u00f5rgema koefitsiendiga meeskonda otse edasi, \u00fclej\u00e4\u00e4nud kohad p\u00f5hiturniiril selgitatakse v\u00e4lja 32 meeskonna vahel eelringis. Eelturniirilt p\u00e4\u00e4sevad edasi p\u00f5hiturniirile alagruppide v\u00f5itjad, kelle jaoks j\u00e4tkub v\u00f5istlus oktoobris.<\/p>\n<p>Meistrite liiga finaalturniir toimub 2025. aasta maikuus.<\/p>\n<p><em>Saalijalgpalli Meistrite liiga eelringi alagrupid. Foto: Nemanja Basevic\/UEFA via Getty Images<\/em><\/p>\n","protected":false},"excerpt":{"rendered":"<p>T\u00e4na, 4. juulil \u0160veitsis Nyonis toimunud saalijalgpalli Meistrite liiga eelringi loosimisel sai Eestit esindav Sillam\u00e4e Silla FC \u00fchte alagruppi Aserbaid\u017eaani, Rootsi ja P\u00f5hja-Iirimaa klubidega. Eelringi alagrupis l\u00e4heb valitsev Eesti meister Sillam\u00e4e Silla vastamisi Araz Naxcivani (Aserbaid\u017eaan), Uddevalla Futsal Club-i (Rootsi) ja Sparta Belfast-iga (P\u00f5hja-Iirimaa). Sillam\u00e4e osalusega alagrupiturniir toimub 20.\u201325. augustini Rootsis, t\u00e4psed m\u00e4ngude toimumisajad teatab [&hellip;]<\/p>\n","protected":false},"author":80,"featured_media":164063,"comment_status":"open","ping_status":"open","sticky":false,"template":"","format":"standard","meta":{"_seopress_robots_primary_cat":"none","_seopress_titles_title":"","_seopress_titles_desc":"","_seopress_robots_index":"","footnotes":""},"categories":[186,142],"tags":[],"class_list":{"0":"post-164060","1":"post","2":"type-post","3":"status-publish","4":"format-standard","5":"has-post-thumbnail","7":"category-saalijalgpall","8":"category-uudised"},"_links":{"self":[{"href":"https:\/\/www.sekundomer.ee\/et\/wp-json\/wp\/v2\/posts\/164060","targetHints":{"allow":["GET"]}}],"collection":[{"href":"https:\/\/www.sekundomer.ee\/et\/wp-json\/wp\/v2\/posts"}],"about":[{"href":"https:\/\/www.sekundomer.ee\/et\/wp-json\/wp\/v2\/types\/post"}],"author":[{"embeddable":true,"href":"https:\/\/www.sekundomer.ee\/et\/wp-json\/wp\/v2\/users\/80"}],"replies":[{"embeddable":true,"href":"https:\/\/www.sekundomer.ee\/et\/wp-json\/wp\/v2\/comments?post=164060"}],"version-history":[{"count":0,"href":"https:\/\/www.sekundomer.ee\/et\/wp-json\/wp\/v2\/posts\/164060\/revisions"}],"wp:featuredmedia":[{"embeddable":true,"href":"https:\/\/www.sekundomer.ee\/et\/wp-json\/wp\/v2\/media\/164063"}],"wp:attachment":[{"href":"https:\/\/www.sekundomer.ee\/et\/wp-json\/wp\/v2\/media?parent=164060"}],"wp:term":[{"taxonomy":"category","embeddable":true,"href":"https:\/\/www.sekundomer.ee\/et\/wp-json\/wp\/v2\/categories?post=164060"},{"taxonomy":"post_tag","embeddable":true,"href":"https:\/\/www.sekundomer.ee\/et\/wp-json\/wp\/v2\/tags?post=164060"}],"curies":[{"name":"wp","href":"https:\/\/api.w.org\/{rel}","templated":true}]}}