{"id":164084,"date":"2024-07-05T22:03:42","date_gmt":"2024-07-05T19:03:42","guid":{"rendered":"https:\/\/www.sekundomer.ee\/?p=164084"},"modified":"2024-07-05T22:03:42","modified_gmt":"2024-07-05T19:03:42","slug":"eesti-olumpiakomitee-taitevkomitee-kinnitas-eesti-koondise-pariisi-olumpiamangudeks","status":"publish","type":"post","link":"https:\/\/www.sekundomer.ee\/et\/uudised\/eesti-olumpiakomitee-taitevkomitee-kinnitas-eesti-koondise-pariisi-olumpiamangudeks\/","title":{"rendered":"Eesti Ol\u00fcmpiakomitee t\u00e4itevkomitee kinnitas Eesti koondise Pariisi ol\u00fcmpiam\u00e4ngudeks"},"content":{"rendered":"<p>Eesti Ol\u00fcmpiakomitee t\u00e4itevkomitee kinnitas reedel e-koosolekul Eesti koondise Pariisi ol\u00fcmpiam\u00e4ngudeks. Kinnitatud koondisse kuuluvad 25 sportlast ja hobune kokku 14 spordialalt ning 49-liikmeline tugipersonal.<\/p>\n<p><span style=\"color: #000000;\"><strong style=\"font-family: Verdana, BlinkMacSystemFont, -apple-system, 'Segoe UI', Roboto, Oxygen, Ubuntu, Cantarell, 'Open Sans', 'Helvetica Neue', sans-serif; font-size: 15px;\">Karel Tilga<\/strong><span style=\"font-family: Verdana, BlinkMacSystemFont, -apple-system, 'Segoe UI', Roboto, Oxygen, Ubuntu, Cantarell, 'Open Sans', 'Helvetica Neue', sans-serif; font-size: 15px;\">, kergej\u00f5ustik<br \/>\n<\/span><\/span><span style=\"color: #000000;\"><strong>Janek \u00d5iglane<\/strong>, kergej\u00f5ustik<\/span><br \/>\n<span style=\"color: #000000;\"><strong>Johannes Erm<\/strong>,\u00a0kergej\u00f5ustik<\/span><br \/>\n<span style=\"color: #000000;\"><strong>Rasmus M\u00e4gi<\/strong>, kergej\u00f5ustik<\/span><br \/>\n<span style=\"color: #000000;\"><strong>Elisabeth Pihela<\/strong>, kergej\u00f5ustik<\/span><br \/>\n<span style=\"color: #000000;\"><strong>Peeter Olesk<\/strong>, laskmine<\/span><br \/>\n<span style=\"color: #000000;\"><strong>Peeter Jurisson<\/strong>, laskmine<\/span><br \/>\n<span style=\"color: #000000;\"><strong>Eneli Efimova<\/strong>, ujumine<\/span><br \/>\n<span style=\"color: #000000;\"><strong>Kregor Zirk,<\/strong> ujumine<\/span><br \/>\n<span style=\"color: #000000;\"><strong>Nelli Differt<\/strong>, vehklimine<\/span><br \/>\n<span style=\"color: #000000;\"><strong>Ingrid Puusta,<\/strong> purjetamine<\/span><br \/>\n<span style=\"color: #000000;\"><strong>Karl-Martin Rammo<\/strong>, purjetamine<\/span><br \/>\n<span style=\"color: #000000;\"><strong>Reena P\u00e4rnat,<\/strong> vibulaskmine<\/span><br \/>\n<span style=\"color: #000000;\"><strong>Klen Kristofer Kaljulaid<\/strong>, judo<\/span><br \/>\n<span style=\"color: #000000;\"><strong>Allar Raja, T\u00f5nu Endrekson,<br \/>\nJohann Poolak, Mikhail Kushteyn,<br \/>\nUku Siim Timmusk (varu)<\/strong>\u00a0&#8211; s\u00f5udmine<\/span><br \/>\n<span style=\"color: #000000;\"><strong>Janika L\u00f5iv<\/strong>, jalgrattas\u00f5it<\/span><br \/>\n<span style=\"color: #000000;\"><strong>Madis Mihkels<\/strong>, jalgrattas\u00f5it<\/span><br \/>\n<span style=\"color: #000000;\"><strong>Mart Seim<\/strong>, t\u00f5stmine<\/span><br \/>\n<span style=\"color: #000000;\"><strong>Kristin Kuuba<\/strong>, sulgpall<\/span><br \/>\n<span style=\"color: #000000;\"><strong>Mai Relander<\/strong>, ratsutamine<\/span><br \/>\n<span style=\"color: #000000;\"><strong>Heiki Nabi<\/strong>, Kreeka-Rooma maadlus.<\/span><\/p>\n<p>Pariisi <strong><span style=\"color: #008000;\"><a style=\"color: #008000;\" href=\"https:\/\/www.sekundomer.ee\/et\/olumpiamangud\/\">suveol\u00fcmpiam\u00e4ngud<\/a><\/span><\/strong> algavad 26. juulil ja kestavad 11. augustini.<\/p>\n","protected":false},"excerpt":{"rendered":"<p>Eesti Ol\u00fcmpiakomitee t\u00e4itevkomitee kinnitas reedel e-koosolekul Eesti koondise Pariisi ol\u00fcmpiam\u00e4ngudeks. Kinnitatud koondisse kuuluvad 25 sportlast ja hobune kokku 14 spordialalt ning 49-liikmeline tugipersonal. Karel Tilga, kergej\u00f5ustik Janek \u00d5iglane, kergej\u00f5ustik Johannes Erm,\u00a0kergej\u00f5ustik Rasmus M\u00e4gi, kergej\u00f5ustik Elisabeth Pihela, kergej\u00f5ustik Peeter Olesk, laskmine Peeter Jurisson, laskmine Eneli Efimova, ujumine Kregor Zirk, ujumine Nelli Differt, vehklimine Ingrid Puusta, purjetamine [&hellip;]<\/p>\n","protected":false},"author":80,"featured_media":164085,"comment_status":"open","ping_status":"open","sticky":false,"template":"","format":"standard","meta":{"_seopress_robots_primary_cat":"none","_seopress_titles_title":"","_seopress_titles_desc":"","_seopress_robots_index":"","footnotes":""},"categories":[142],"tags":[],"class_list":{"0":"post-164084","1":"post","2":"type-post","3":"status-publish","4":"format-standard","5":"has-post-thumbnail","7":"category-uudised"},"_links":{"self":[{"href":"https:\/\/www.sekundomer.ee\/et\/wp-json\/wp\/v2\/posts\/164084","targetHints":{"allow":["GET"]}}],"collection":[{"href":"https:\/\/www.sekundomer.ee\/et\/wp-json\/wp\/v2\/posts"}],"about":[{"href":"https:\/\/www.sekundomer.ee\/et\/wp-json\/wp\/v2\/types\/post"}],"author":[{"embeddable":true,"href":"https:\/\/www.sekundomer.ee\/et\/wp-json\/wp\/v2\/users\/80"}],"replies":[{"embeddable":true,"href":"https:\/\/www.sekundomer.ee\/et\/wp-json\/wp\/v2\/comments?post=164084"}],"version-history":[{"count":0,"href":"https:\/\/www.sekundomer.ee\/et\/wp-json\/wp\/v2\/posts\/164084\/revisions"}],"wp:featuredmedia":[{"embeddable":true,"href":"https:\/\/www.sekundomer.ee\/et\/wp-json\/wp\/v2\/media\/164085"}],"wp:attachment":[{"href":"https:\/\/www.sekundomer.ee\/et\/wp-json\/wp\/v2\/media?parent=164084"}],"wp:term":[{"taxonomy":"category","embeddable":true,"href":"https:\/\/www.sekundomer.ee\/et\/wp-json\/wp\/v2\/categories?post=164084"},{"taxonomy":"post_tag","embeddable":true,"href":"https:\/\/www.sekundomer.ee\/et\/wp-json\/wp\/v2\/tags?post=164084"}],"curies":[{"name":"wp","href":"https:\/\/api.w.org\/{rel}","templated":true}]}}