{"id":164183,"date":"2024-07-11T20:38:03","date_gmt":"2024-07-11T17:38:03","guid":{"rendered":"https:\/\/www.sekundomer.ee\/?p=164183"},"modified":"2024-07-11T20:45:42","modified_gmt":"2024-07-11T17:45:42","slug":"euroopa-konverentsiliiga-tallinna-fci-levadiaalustas-voidukalt","status":"publish","type":"post","link":"https:\/\/www.sekundomer.ee\/et\/uudised\/euroopa-konverentsiliiga-tallinna-fci-levadiaalustas-voidukalt\/","title":{"rendered":"Euroopa Konverentsiliiga: Tallinna FCI Levadia alustas v\u00f5idukalt"},"content":{"rendered":"<div class=\"text lead2\">\n<div>\n<p>Tallinna FCI Levadia alistas jalgpalli Euroopa Konverentsiliiga esimese eelringi avam\u00e4ngus v\u00f5\u00f5rsil Leedu klubi FA \u0160iauliai 2:0 ja astus sammu teise ringi suunas.<\/p>\n<\/div>\n<\/div>\n<div class=\"text flex-row\">\n<p>Skoori avas seitsmendal minutil Levadia hollandlasest leegion\u00e4r Richie Musaba ja teise v\u00e4rava l\u00f5i 23. minutil brasiillasest r\u00fcndaja Felipe Felicio.<\/p>\n<p>Levadia ja \u0160iauliai korduskohtumine toimub 18. juulil Tallinnas.<\/p>\n<\/div>\n","protected":false},"excerpt":{"rendered":"<p>Tallinna FCI Levadia alistas jalgpalli Euroopa Konverentsiliiga esimese eelringi avam\u00e4ngus v\u00f5\u00f5rsil Leedu klubi FA \u0160iauliai 2:0 ja astus sammu teise ringi suunas. Skoori avas seitsmendal minutil Levadia hollandlasest leegion\u00e4r Richie Musaba ja teise v\u00e4rava l\u00f5i 23. minutil brasiillasest r\u00fcndaja Felipe Felicio. Levadia ja \u0160iauliai korduskohtumine toimub 18. juulil Tallinnas.<\/p>\n","protected":false},"author":80,"featured_media":164184,"comment_status":"open","ping_status":"open","sticky":false,"template":"","format":"standard","meta":{"_seopress_robots_primary_cat":"none","_seopress_titles_title":"","_seopress_titles_desc":"","_seopress_robots_index":"","footnotes":""},"categories":[203,142],"tags":[1265],"class_list":{"0":"post-164183","1":"post","2":"type-post","3":"status-publish","4":"format-standard","5":"has-post-thumbnail","7":"category-jalgpall","8":"category-uudised","9":"tag-euroopa-konverentsiliiga"},"_links":{"self":[{"href":"https:\/\/www.sekundomer.ee\/et\/wp-json\/wp\/v2\/posts\/164183","targetHints":{"allow":["GET"]}}],"collection":[{"href":"https:\/\/www.sekundomer.ee\/et\/wp-json\/wp\/v2\/posts"}],"about":[{"href":"https:\/\/www.sekundomer.ee\/et\/wp-json\/wp\/v2\/types\/post"}],"author":[{"embeddable":true,"href":"https:\/\/www.sekundomer.ee\/et\/wp-json\/wp\/v2\/users\/80"}],"replies":[{"embeddable":true,"href":"https:\/\/www.sekundomer.ee\/et\/wp-json\/wp\/v2\/comments?post=164183"}],"version-history":[{"count":0,"href":"https:\/\/www.sekundomer.ee\/et\/wp-json\/wp\/v2\/posts\/164183\/revisions"}],"wp:featuredmedia":[{"embeddable":true,"href":"https:\/\/www.sekundomer.ee\/et\/wp-json\/wp\/v2\/media\/164184"}],"wp:attachment":[{"href":"https:\/\/www.sekundomer.ee\/et\/wp-json\/wp\/v2\/media?parent=164183"}],"wp:term":[{"taxonomy":"category","embeddable":true,"href":"https:\/\/www.sekundomer.ee\/et\/wp-json\/wp\/v2\/categories?post=164183"},{"taxonomy":"post_tag","embeddable":true,"href":"https:\/\/www.sekundomer.ee\/et\/wp-json\/wp\/v2\/tags?post=164183"}],"curies":[{"name":"wp","href":"https:\/\/api.w.org\/{rel}","templated":true}]}}