{"id":164366,"date":"2024-07-21T08:31:09","date_gmt":"2024-07-21T05:31:09","guid":{"rendered":"https:\/\/www.sekundomer.ee\/?p=164366"},"modified":"2024-07-21T11:12:00","modified_gmt":"2024-07-21T08:12:00","slug":"henri-apri-voitis-u18-euroopa-meistrivoistlustel-teivashuppes-hobemedali","status":"publish","type":"post","link":"https:\/\/www.sekundomer.ee\/et\/uudised\/henri-apri-voitis-u18-euroopa-meistrivoistlustel-teivashuppes-hobemedali\/","title":{"rendered":"Henri Apri v\u00f5itis U18 Euroopa meistriv\u00f5istlustel teivash\u00fcppes h\u00f5bemedali"},"content":{"rendered":"<div class=\"x11i5rnm xat24cr x1mh8g0r x1vvkbs xtlvy1s x126k92a\">\n<p dir=\"auto\">Henri Apri (pildil) v\u00f5itis U18 Euroopa meistriv\u00f5istlustel teivash\u00fcppes h\u00f5bemedali tulemusega 5.00<\/p>\n<\/div>\n<div class=\"x11i5rnm xat24cr x1mh8g0r x1vvkbs xtlvy1s x126k92a\">\n<p dir=\"auto\">Euroopa meistriks krooniti Mathias Urbanczyk tulemusega 5.10. T\u00e4pselt viis meetrit \u00fcletanud Nikita Mirkin j\u00e4i Henriga h\u00f5bemedalit jagama.<\/p>\n<p dir=\"auto\">Eesti koondisele on see juba teine \u200b\u200bmedal Euroopa meistriv\u00f5istlustel. Varem v\u00f5itis Miia Ott pronksi neidude 100 meetri jooksus (11,62).<\/p>\n<p dir=\"auto\"><em>Foto Merlyn Lipp<\/em><\/p>\n<\/div>\n","protected":false},"excerpt":{"rendered":"<p>Henri Apri (pildil) v\u00f5itis U18 Euroopa meistriv\u00f5istlustel teivash\u00fcppes h\u00f5bemedali tulemusega 5.00 Euroopa meistriks krooniti Mathias Urbanczyk tulemusega 5.10. T\u00e4pselt viis meetrit \u00fcletanud Nikita Mirkin j\u00e4i Henriga h\u00f5bemedalit jagama. Eesti koondisele on see juba teine \u200b\u200bmedal Euroopa meistriv\u00f5istlustel. Varem v\u00f5itis Miia Ott pronksi neidude 100 meetri jooksus (11,62). Foto Merlyn Lipp<\/p>\n","protected":false},"author":80,"featured_media":164367,"comment_status":"open","ping_status":"open","sticky":false,"template":"","format":"standard","meta":{"_seopress_robots_primary_cat":"none","_seopress_titles_title":"","_seopress_titles_desc":"","_seopress_robots_index":"","footnotes":""},"categories":[201,142],"tags":[],"class_list":{"0":"post-164366","1":"post","2":"type-post","3":"status-publish","4":"format-standard","5":"has-post-thumbnail","7":"category-kergejoustik","8":"category-uudised"},"_links":{"self":[{"href":"https:\/\/www.sekundomer.ee\/et\/wp-json\/wp\/v2\/posts\/164366","targetHints":{"allow":["GET"]}}],"collection":[{"href":"https:\/\/www.sekundomer.ee\/et\/wp-json\/wp\/v2\/posts"}],"about":[{"href":"https:\/\/www.sekundomer.ee\/et\/wp-json\/wp\/v2\/types\/post"}],"author":[{"embeddable":true,"href":"https:\/\/www.sekundomer.ee\/et\/wp-json\/wp\/v2\/users\/80"}],"replies":[{"embeddable":true,"href":"https:\/\/www.sekundomer.ee\/et\/wp-json\/wp\/v2\/comments?post=164366"}],"version-history":[{"count":0,"href":"https:\/\/www.sekundomer.ee\/et\/wp-json\/wp\/v2\/posts\/164366\/revisions"}],"wp:featuredmedia":[{"embeddable":true,"href":"https:\/\/www.sekundomer.ee\/et\/wp-json\/wp\/v2\/media\/164367"}],"wp:attachment":[{"href":"https:\/\/www.sekundomer.ee\/et\/wp-json\/wp\/v2\/media?parent=164366"}],"wp:term":[{"taxonomy":"category","embeddable":true,"href":"https:\/\/www.sekundomer.ee\/et\/wp-json\/wp\/v2\/categories?post=164366"},{"taxonomy":"post_tag","embeddable":true,"href":"https:\/\/www.sekundomer.ee\/et\/wp-json\/wp\/v2\/tags?post=164366"}],"curies":[{"name":"wp","href":"https:\/\/api.w.org\/{rel}","templated":true}]}}