{"id":164429,"date":"2024-07-24T21:46:56","date_gmt":"2024-07-24T18:46:56","guid":{"rendered":"https:\/\/www.sekundomer.ee\/?p=164429"},"modified":"2024-07-24T21:46:56","modified_gmt":"2024-07-24T18:46:56","slug":"selgusid-eesti-lipukandjad-olumpia-avatseremoonial","status":"publish","type":"post","link":"https:\/\/www.sekundomer.ee\/et\/uudised\/selgusid-eesti-lipukandjad-olumpia-avatseremoonial\/","title":{"rendered":"Selgusid Eesti lipukandjad ol\u00fcmpia avatseremoonial"},"content":{"rendered":"<div class=\"text lead2\">\n<div>\n<p>Eesti lippu kannavad 26. juulil toimuval suveol\u00fcmpiam\u00e4ngude avatseremoonial Pariisis vibulaskja Reena P\u00e4rnat ja judoka Klen-Kristofer Kaljulaid.<\/p>\n<p>Eesti ol\u00fcmpiakomitee valis Seine&#8217;i j\u00f5el toimuval avatseremoonial lipukandjateks oma kolmandal ol\u00fcmpial v\u00f5istleva P\u00e4rnati ja ol\u00fcmpiadeb\u00fc\u00fcdi tegeva judoka Kaljulaidi.<\/p>\n<p>30-aastane P\u00e4rnat on esimese eestlasena Pariisis ka v\u00f5istlustules, sest 25. juulil on ta rajal naiste sportvibu kvalifikatsioonis.<\/p>\n<p><em>Foto: Team Estonia<\/em><\/p>\n<\/div>\n<\/div>\n","protected":false},"excerpt":{"rendered":"<p>Eesti lippu kannavad 26. juulil toimuval suveol\u00fcmpiam\u00e4ngude avatseremoonial Pariisis vibulaskja Reena P\u00e4rnat ja judoka Klen-Kristofer Kaljulaid. Eesti ol\u00fcmpiakomitee valis Seine&#8217;i j\u00f5el toimuval avatseremoonial lipukandjateks oma kolmandal ol\u00fcmpial v\u00f5istleva P\u00e4rnati ja ol\u00fcmpiadeb\u00fc\u00fcdi tegeva judoka Kaljulaidi. 30-aastane P\u00e4rnat on esimese eestlasena Pariisis ka v\u00f5istlustules, sest 25. juulil on ta rajal naiste sportvibu kvalifikatsioonis. Foto: Team Estonia<\/p>\n","protected":false},"author":80,"featured_media":164426,"comment_status":"open","ping_status":"open","sticky":false,"template":"","format":"standard","meta":{"_seopress_robots_primary_cat":"none","_seopress_titles_title":"","_seopress_titles_desc":"","_seopress_robots_index":"","footnotes":""},"categories":[142],"tags":[],"class_list":{"0":"post-164429","1":"post","2":"type-post","3":"status-publish","4":"format-standard","5":"has-post-thumbnail","7":"category-uudised"},"_links":{"self":[{"href":"https:\/\/www.sekundomer.ee\/et\/wp-json\/wp\/v2\/posts\/164429","targetHints":{"allow":["GET"]}}],"collection":[{"href":"https:\/\/www.sekundomer.ee\/et\/wp-json\/wp\/v2\/posts"}],"about":[{"href":"https:\/\/www.sekundomer.ee\/et\/wp-json\/wp\/v2\/types\/post"}],"author":[{"embeddable":true,"href":"https:\/\/www.sekundomer.ee\/et\/wp-json\/wp\/v2\/users\/80"}],"replies":[{"embeddable":true,"href":"https:\/\/www.sekundomer.ee\/et\/wp-json\/wp\/v2\/comments?post=164429"}],"version-history":[{"count":0,"href":"https:\/\/www.sekundomer.ee\/et\/wp-json\/wp\/v2\/posts\/164429\/revisions"}],"wp:featuredmedia":[{"embeddable":true,"href":"https:\/\/www.sekundomer.ee\/et\/wp-json\/wp\/v2\/media\/164426"}],"wp:attachment":[{"href":"https:\/\/www.sekundomer.ee\/et\/wp-json\/wp\/v2\/media?parent=164429"}],"wp:term":[{"taxonomy":"category","embeddable":true,"href":"https:\/\/www.sekundomer.ee\/et\/wp-json\/wp\/v2\/categories?post=164429"},{"taxonomy":"post_tag","embeddable":true,"href":"https:\/\/www.sekundomer.ee\/et\/wp-json\/wp\/v2\/tags?post=164429"}],"curies":[{"name":"wp","href":"https:\/\/api.w.org\/{rel}","templated":true}]}}