{"id":164866,"date":"2024-08-08T18:18:53","date_gmt":"2024-08-08T15:18:53","guid":{"rendered":"https:\/\/www.sekundomer.ee\/?p=164866"},"modified":"2024-08-08T18:18:53","modified_gmt":"2024-08-08T15:18:53","slug":"eesti-u16-noormeeste-koondis-alustab-reedel-pohja-makedoonias-em-finaalturniiri","status":"publish","type":"post","link":"https:\/\/www.sekundomer.ee\/et\/uudised\/eesti-u16-noormeeste-koondis-alustab-reedel-pohja-makedoonias-em-finaalturniiri\/","title":{"rendered":"Eesti U16 noormeeste koondis alustab reedel P\u00f5hja-Makedoonias EM-finaalturniiri"},"content":{"rendered":"<div class=\"news_intro_container\">\n<p>Eesti U16 noormeeste korvpallikoondis alustab 8. augustist kuni 17. augustini peetavat B-divisjoni EM-finaalturniiri P\u00f5hja-Makedoonias peatreener Brett N\u00f5mme juhendamisel.<\/p>\n<\/div>\n<div class=\"news_content advancedImagesArea\">\n<p>Koondise peatreeneri Brett N\u00f5mme s\u00f5nul v\u00f5ib suures plaanis j\u00e4\u00e4da ettevalmistusperioodiga rahule hoolimata m\u00f5nest vigastusest ja haigestumisest. \u201ePikk t\u00f6ine etttevalmistusperiood on l\u00e4bi saanud. Saime pikalt koos olla ning valmistuda, kuid plaane segasid m\u00f5ned vigastused ja haigestumised. Aga \u00fcldplaanis oleme saanud enamus omad asjad \u00fcle vaadata, mida soovisime ning saame selle perioodiga rahul olla. Loodetavasti suudame selle ka EM-finaalturniiril realiseerida.\u201c<\/p>\n<p>\u201eMiinimum eesm\u00e4rk EM-finaalturniiril on teha selle suve poiste koondiste parim tulemus ehk p\u00e4\u00e4seda play-offi. Sealt edasi l\u00e4heme m\u00e4ng-m\u00e4ngult. U16 vanuseklass on veel selline, kus v\u00f5id arvata midagi m\u00f5ne v\u00f5istkonna kohta, kuid l\u00f5puks kellelgi on \u00fcks-kaks v\u00e4ga head talenti ja juba on nende vastu raske. Kuid meie p\u00f5hiliseks eesm\u00e4rgiks j\u00e4\u00e4b teha parim tulemus t\u00e4navuse suve EM-finaalturniiridelt,\u201c r\u00e4\u00e4kis peatreener N\u00f5mm.<\/p>\n<p>EM-finaalturniiri eel osales U16 noormeeste koondis Nordic Championships turniiril, kus kohtuti Islandi, Norra, Soome, Rootsi ja Taania eakaaslastega. Kuue v\u00f5istkonna turniiri l\u00f5petas Eesti koondis kaotuseta ning krooniti Nordic Championshipsi v\u00f5itjateks.<\/p>\n<p>U16 vanuseklassi Balti Mat\u0161il m\u00e4ngiti Leedus toimunud turniiril Leedu, L\u00e4ti ja T\u00fcrgiga, kus eestlased kahjuks v\u00f5iduarvet avada ei suutnud.<\/p>\n<p>P\u00f5hja-Makedoonias toimuval EM-finaalturniiril kuulub Eesti \u00fchte alagruppi Ukraina, Rootsi, Austria ja P\u00f5hja-Makedooniaga.<\/p>\n<p><strong>Turniiri ajakava:<\/strong><\/p>\n<p>9. august, 17:00 | Eesti vs Austria<br \/>\n10. august, 14:30 | Ukraina vs Eesti<br \/>\n12. august, 19:30 | Eesti vs P\u00f5hja-Makedoonia<br \/>\n13. august, 17:00 | Rootsi vs Eesti<\/p>\n<p><strong>U16 noormeeste koondise koosseis EM-finaalturniiril<br \/>\n<\/strong>Andreas P\u00e4rn (Korvpalliklubi P\u00e4rnu)<br \/>\nKaspar Vuks (Rae Koss)<br \/>\nMattias M\u00e4ndmets (Rae Koss)<br \/>\nStenver P\u00f5der (Tallinna Spordiakadeemia)<br \/>\nJesper Roman (Korvpalliklubi P\u00e4rnu)<br \/>\nJaagup Pajumets (Keila Korvpallikool \/ Audentese SG)<br \/>\nRasmus Vuks (Rae Koss)<br \/>\nHendrik Jaak Pertel (United Eagles Basketball)<br \/>\nSten-Markus Adamson (Tartu \u00dclikooli Akadeemiline Spordiklubi)<br \/>\nSilver Esnar (Science City Jena)<br \/>\nKenneth-Hans M\u00f6ldre (Korvpalliklubi Viimsi)<br \/>\nRoman Avdejev (Reinar Halliku Korvpallikool)<br \/>\nPeatreener: Brett N\u00f5mm<\/p>\n<p><em>basket.ee<\/em><\/p>\n<\/div>\n","protected":false},"excerpt":{"rendered":"<p>Eesti U16 noormeeste korvpallikoondis alustab 8. augustist kuni 17. augustini peetavat B-divisjoni EM-finaalturniiri P\u00f5hja-Makedoonias peatreener Brett N\u00f5mme juhendamisel. Koondise peatreeneri Brett N\u00f5mme s\u00f5nul v\u00f5ib suures plaanis j\u00e4\u00e4da ettevalmistusperioodiga rahule hoolimata m\u00f5nest vigastusest ja haigestumisest. \u201ePikk t\u00f6ine etttevalmistusperiood on l\u00e4bi saanud. Saime pikalt koos olla ning valmistuda, kuid plaane segasid m\u00f5ned vigastused ja haigestumised. Aga \u00fcldplaanis [&hellip;]<\/p>\n","protected":false},"author":80,"featured_media":164867,"comment_status":"open","ping_status":"open","sticky":false,"template":"","format":"standard","meta":{"_seopress_robots_primary_cat":"none","_seopress_titles_title":"","_seopress_titles_desc":"","_seopress_robots_index":"","footnotes":""},"categories":[150,142],"tags":[],"class_list":{"0":"post-164866","1":"post","2":"type-post","3":"status-publish","4":"format-standard","5":"has-post-thumbnail","7":"category-korvpall","8":"category-uudised"},"_links":{"self":[{"href":"https:\/\/www.sekundomer.ee\/et\/wp-json\/wp\/v2\/posts\/164866","targetHints":{"allow":["GET"]}}],"collection":[{"href":"https:\/\/www.sekundomer.ee\/et\/wp-json\/wp\/v2\/posts"}],"about":[{"href":"https:\/\/www.sekundomer.ee\/et\/wp-json\/wp\/v2\/types\/post"}],"author":[{"embeddable":true,"href":"https:\/\/www.sekundomer.ee\/et\/wp-json\/wp\/v2\/users\/80"}],"replies":[{"embeddable":true,"href":"https:\/\/www.sekundomer.ee\/et\/wp-json\/wp\/v2\/comments?post=164866"}],"version-history":[{"count":0,"href":"https:\/\/www.sekundomer.ee\/et\/wp-json\/wp\/v2\/posts\/164866\/revisions"}],"wp:featuredmedia":[{"embeddable":true,"href":"https:\/\/www.sekundomer.ee\/et\/wp-json\/wp\/v2\/media\/164867"}],"wp:attachment":[{"href":"https:\/\/www.sekundomer.ee\/et\/wp-json\/wp\/v2\/media?parent=164866"}],"wp:term":[{"taxonomy":"category","embeddable":true,"href":"https:\/\/www.sekundomer.ee\/et\/wp-json\/wp\/v2\/categories?post=164866"},{"taxonomy":"post_tag","embeddable":true,"href":"https:\/\/www.sekundomer.ee\/et\/wp-json\/wp\/v2\/tags?post=164866"}],"curies":[{"name":"wp","href":"https:\/\/api.w.org\/{rel}","templated":true}]}}