{"id":165520,"date":"2024-09-09T11:44:03","date_gmt":"2024-09-09T08:44:03","guid":{"rendered":"https:\/\/www.sekundomer.ee\/?p=165520"},"modified":"2024-09-09T11:45:42","modified_gmt":"2024-09-09T08:45:42","slug":"eesti-meeste-tennisekoondisel-on-ees-davis-cupi-kohtumine-usbekistani-vastu","status":"publish","type":"post","link":"https:\/\/www.sekundomer.ee\/et\/uudised\/eesti-meeste-tennisekoondisel-on-ees-davis-cupi-kohtumine-usbekistani-vastu\/","title":{"rendered":"Eesti meeste tennisekoondisel on ees Davis Cupi kohtumine Usbekistani vastu"},"content":{"rendered":"<p>Eesti meeste tennisekoondisel on ees Davis Cupi kohtumine Usbekistani vastu Eesti tennisemeeskond valmistub s\u00f5iduks Usbekistani pealinna Ta\u0161kenti, kus 13.-14. septembril peetakse Davis Cupi Maailmaliiga II grupi kohtumine Usbekistani koondise vastu.<strong><br \/>\n<\/strong><\/p>\n<p>Eesti koondist esindavad seekord Mark Lajal, Kristjan Tamm, Markus M\u00f6lder, Siim Troost ja Johannes Seeman. Meeskonna kapten on Vladimir Ivanov. Eesti tennisistidest on k\u00f5rgeima \u00fcksikm\u00e4ngu edetabelikohaga Mark Lajal (ATP 247), paarism\u00e4ngu edetabelikoht on k\u00f5rgeim Johannes Seemanil (ATP 610).<\/p>\n<p>Usbekistani esindavad Khumoyun Sultanov (ATP 264), Sergey Fomin (ATP 542), Maxim Shin (ATP 1131), Rakhimbek Ibrakhimov (ATP 1932) ja Amir\u00a0Milushev (ATP 1690).<\/p>\n<p>Eesti koondise kapteni Vladimir Ivanovi s\u00f5nul ei saa paraku kaasa teha meie kaks esikolmiku m\u00e4ngijat \u2013 Daniil Glinka ja Oliver Ojak\u00e4\u00e4r. \u201eNeist esimene j\u00e4\u00e4b eemale isiklikel p\u00f5hjustel ja teine vigastuse t\u00f5ttu. Vaatamata sellele l\u00e4heme siiski v\u00e4lja hea koosseisu ja tugeva tahtega. Usbekkide koosseisu vaadates on oodata tasav\u00e4gist kohtumist,\u201c lisas Ivanov.<\/p>\n<p>Selle aasta m\u00e4rtsis v\u00f5istles Eesti koondis Sri Lankal Iraani koondise vastu maailmaliiga II grupi play-off m\u00e4ngudes ja v\u00f5itis 3:1. V\u00f5idu korral m\u00e4ngitakse siis juba j\u00e4rgmisel aastal play-off m\u00e4ngud I gruppi p\u00e4\u00e4semiseks, kaotuse korral aga play-off m\u00e4ngud II gruppi p\u00fcsima j\u00e4\u00e4miseks.<\/p>\n<p><em>tennisnet<\/em><br \/>\n<em>Fotol ETL: vasakult koondise f\u00fcsioterapeut Ilo Rihvk, Siim Troost, Oliver Ojak\u00e4\u00e4r, Kenneth Raisma, Kristjan Tamm ja kapten Vladimir Ivanov<\/em><\/p>\n","protected":false},"excerpt":{"rendered":"<p>Eesti meeste tennisekoondisel on ees Davis Cupi kohtumine Usbekistani vastu Eesti tennisemeeskond valmistub s\u00f5iduks Usbekistani pealinna Ta\u0161kenti, kus 13.-14. septembril peetakse Davis Cupi Maailmaliiga II grupi kohtumine Usbekistani koondise vastu. Eesti koondist esindavad seekord Mark Lajal, Kristjan Tamm, Markus M\u00f6lder, Siim Troost ja Johannes Seeman. Meeskonna kapten on Vladimir Ivanov. Eesti tennisistidest on k\u00f5rgeima \u00fcksikm\u00e4ngu [&hellip;]<\/p>\n","protected":false},"author":80,"featured_media":165521,"comment_status":"open","ping_status":"open","sticky":false,"template":"","format":"standard","meta":{"_seopress_robots_primary_cat":"none","_seopress_titles_title":"","_seopress_titles_desc":"","_seopress_robots_index":"","footnotes":""},"categories":[142,180],"tags":[],"class_list":{"0":"post-165520","1":"post","2":"type-post","3":"status-publish","4":"format-standard","5":"has-post-thumbnail","7":"category-uudised","8":"category-tennis"},"_links":{"self":[{"href":"https:\/\/www.sekundomer.ee\/et\/wp-json\/wp\/v2\/posts\/165520","targetHints":{"allow":["GET"]}}],"collection":[{"href":"https:\/\/www.sekundomer.ee\/et\/wp-json\/wp\/v2\/posts"}],"about":[{"href":"https:\/\/www.sekundomer.ee\/et\/wp-json\/wp\/v2\/types\/post"}],"author":[{"embeddable":true,"href":"https:\/\/www.sekundomer.ee\/et\/wp-json\/wp\/v2\/users\/80"}],"replies":[{"embeddable":true,"href":"https:\/\/www.sekundomer.ee\/et\/wp-json\/wp\/v2\/comments?post=165520"}],"version-history":[{"count":0,"href":"https:\/\/www.sekundomer.ee\/et\/wp-json\/wp\/v2\/posts\/165520\/revisions"}],"wp:featuredmedia":[{"embeddable":true,"href":"https:\/\/www.sekundomer.ee\/et\/wp-json\/wp\/v2\/media\/165521"}],"wp:attachment":[{"href":"https:\/\/www.sekundomer.ee\/et\/wp-json\/wp\/v2\/media?parent=165520"}],"wp:term":[{"taxonomy":"category","embeddable":true,"href":"https:\/\/www.sekundomer.ee\/et\/wp-json\/wp\/v2\/categories?post=165520"},{"taxonomy":"post_tag","embeddable":true,"href":"https:\/\/www.sekundomer.ee\/et\/wp-json\/wp\/v2\/tags?post=165520"}],"curies":[{"name":"wp","href":"https:\/\/api.w.org\/{rel}","templated":true}]}}