{"id":165678,"date":"2024-09-15T20:55:51","date_gmt":"2024-09-15T17:55:51","guid":{"rendered":"https:\/\/www.sekundomer.ee\/?p=165678"},"modified":"2024-09-15T20:59:07","modified_gmt":"2024-09-15T17:59:07","slug":"madis-mihkels-palvis-em-il-eliitmeeste-grupisoidus-3-koha","status":"publish","type":"post","link":"https:\/\/www.sekundomer.ee\/et\/uudised\/madis-mihkels-palvis-em-il-eliitmeeste-grupisoidus-3-koha\/","title":{"rendered":"Madis Mihkels p\u00e4lvis EM-il eliitmeeste grupis\u00f5idus 3. koha"},"content":{"rendered":"<div class=\"btSuperTitle\">\n<div class=\"btBreadCrumbs\">\n<nav>Belgias Heusden-Zolderi ja Hasselti linnades peetud maanteeratturite Euroopa meistriv\u00f5istlustel p\u00e4lvis Madis Mihkels meeste grupis\u00f5idus pronksmedali. Meeste 222,9-kilomeetrise grupis\u00f5idu v\u00f5itis kodupubliku r\u00f5\u00f5muks belglane Tim Merlier (4:37.09), edestades hollandlast Olav Kooij ja Mihkelsit. Seejuures j\u00e4i fotofini\u0161iga neljandaks \u00fcheksakordne Tour de France\u2019i etapiv\u00f5itja, belglane Jasper Philipsen.<\/p>\n<p>Teistest eestlastest sai Karl Patrick Lauk 25., Rait \u00c4rm 58., ja Norman Vahtra 71. koha. Markus Pajur ja Siim Kiskonen tulemust kirja ei saanud.\u201eMadisel oli usk, et ta suudab eliitklassis medali v\u00f5ita ja seep\u00e4rast uskusime seda meie ka, aga v\u00e4lja ei \u00f6elnud,\u201c \u00fctles Eesti maanteeratturite koondise peatreener Alo Jakin. \u201ePlaan oli Madise peale s\u00f5ita ja positiivselt \u00fcllatas Karl Patrick Lauk, kes j\u00e4i tema juurde k\u00f5ige kauemaks. Ta oli nagu must hobune, kes oli peidus kogu aeg, ent l\u00f5pus oli olemas. Madis kasutas fini\u0161ispurdis \u00e4ra oma v\u00e4ga head nina \u00f5ige koht ja ratas \u00fcles leida ning k\u00e4ed on tal ka piisavalt pikad, millega ratast ette l\u00fckata. Pisara v\u00f5ttis kohe silma. Kahju on Markus Pajurist, kes kukkus halval hetkel ja pidi seet\u00f5ttu gruppi 30 kilomeetrit taga ajama. J\u00e4rele j\u00f5udes oli ta jaks lihtsalt otsa saanud.\u201c<\/p>\n<p>Naisjuunioride 72,9-kilomeetrises grupis\u00f5idus tuli Euroopa meistriks hollandlanna Puck Langenbarg (1:43.15). H\u00f5bemedali teenis sakslanna Messane Br\u00e4utigam ja pronksmedali t\u0161ehhitar \u0160tepanka Dubcova. Mariann Koik fini\u0161eeris 30. positsioonil, Liisi Lohk ja Lauren Pohl tulemust kirja ei saanud.<\/p>\n<p><em>ejl.ee<\/em><\/p>\n<\/nav>\n<\/div>\n<\/div>\n","protected":false},"excerpt":{"rendered":"<p>Belgias Heusden-Zolderi ja Hasselti linnades peetud maanteeratturite Euroopa meistriv\u00f5istlustel p\u00e4lvis Madis Mihkels meeste grupis\u00f5idus pronksmedali. Meeste 222,9-kilomeetrise grupis\u00f5idu v\u00f5itis kodupubliku r\u00f5\u00f5muks belglane Tim Merlier (4:37.09), edestades hollandlast Olav Kooij ja Mihkelsit. Seejuures j\u00e4i fotofini\u0161iga neljandaks \u00fcheksakordne Tour de France\u2019i etapiv\u00f5itja, belglane Jasper Philipsen. Teistest eestlastest sai Karl Patrick Lauk 25., Rait \u00c4rm 58., ja Norman [&hellip;]<\/p>\n","protected":false},"author":80,"featured_media":165681,"comment_status":"open","ping_status":"open","sticky":false,"template":"","format":"standard","meta":{"_seopress_robots_primary_cat":"none","_seopress_titles_title":"","_seopress_titles_desc":"","_seopress_robots_index":"","footnotes":""},"categories":[159,142],"tags":[1291],"class_list":{"0":"post-165678","1":"post","2":"type-post","3":"status-publish","4":"format-standard","5":"has-post-thumbnail","7":"category-jalgratas","8":"category-uudised","9":"tag-madis-mihkels"},"_links":{"self":[{"href":"https:\/\/www.sekundomer.ee\/et\/wp-json\/wp\/v2\/posts\/165678","targetHints":{"allow":["GET"]}}],"collection":[{"href":"https:\/\/www.sekundomer.ee\/et\/wp-json\/wp\/v2\/posts"}],"about":[{"href":"https:\/\/www.sekundomer.ee\/et\/wp-json\/wp\/v2\/types\/post"}],"author":[{"embeddable":true,"href":"https:\/\/www.sekundomer.ee\/et\/wp-json\/wp\/v2\/users\/80"}],"replies":[{"embeddable":true,"href":"https:\/\/www.sekundomer.ee\/et\/wp-json\/wp\/v2\/comments?post=165678"}],"version-history":[{"count":0,"href":"https:\/\/www.sekundomer.ee\/et\/wp-json\/wp\/v2\/posts\/165678\/revisions"}],"wp:featuredmedia":[{"embeddable":true,"href":"https:\/\/www.sekundomer.ee\/et\/wp-json\/wp\/v2\/media\/165681"}],"wp:attachment":[{"href":"https:\/\/www.sekundomer.ee\/et\/wp-json\/wp\/v2\/media?parent=165678"}],"wp:term":[{"taxonomy":"category","embeddable":true,"href":"https:\/\/www.sekundomer.ee\/et\/wp-json\/wp\/v2\/categories?post=165678"},{"taxonomy":"post_tag","embeddable":true,"href":"https:\/\/www.sekundomer.ee\/et\/wp-json\/wp\/v2\/tags?post=165678"}],"curies":[{"name":"wp","href":"https:\/\/api.w.org\/{rel}","templated":true}]}}