{"id":166214,"date":"2024-10-02T11:46:31","date_gmt":"2024-10-02T08:46:31","guid":{"rendered":"https:\/\/www.sekundomer.ee\/?p=166214"},"modified":"2024-10-02T11:46:31","modified_gmt":"2024-10-02T08:46:31","slug":"jalgpall-u21-koondis-lopetab-em-valiksarja-kahe-kodumanguga","status":"publish","type":"post","link":"https:\/\/www.sekundomer.ee\/et\/uudised\/jalgpall-u21-koondis-lopetab-em-valiksarja-kahe-kodumanguga\/","title":{"rendered":"Jalgpall: U21 koondis l\u00f5petab EM-valiksarja kahe kodum\u00e4nguga"},"content":{"rendered":"<p>Eesti noormeeste U21 koondis peab oktoobrikuus kaks viimast kohtumist k\u00e4imasolevas EM-valiksarjas, mis peetakse Kadrioru staadionil. Peatreener nimetas koosseisu 25 m\u00e4ngijat.<\/p>\n<p>Noormeeste U21 koondis alustab oktoobrikuiseid m\u00e4nge neljap\u00e4eval, 10. oktoobril, kui kell 19.00 algavas kohtumises v\u00f5\u00f5rustatakse Iisraeli. K\u00e4imsaolevale EM-valiksarjale pannakse punkt viis p\u00e4eva hiljem, 15. oktoobril kohtumises Kosovoga, mis algab kell 18.00.<\/p>\n<p>Eesti ja Iisraeli l\u00e4bi ajaloo esimene vastasseis selles vanuseklassis toimus k\u00e4imasolevas EM-valiksarjas. T\u00e4navu 7. septembril kohtusid kahe riigi noortekoondised \u00fclimalt tasav\u00e4gises m\u00e4ngus Ungaris, kohtumine l\u00f5ppes Iisraeli napi 1:0 paremusega. Eesti ja Kosovo l\u00e4ksid samuti esmakordselt vastamisi k\u00e4imasoleva EM-valiksarja k\u00f5ige esimeses kohtumises, mis peeti Fadil Vokrri staadionil 2023. aasta juunikuus. Kodumeeskond noppis EM-valikm\u00e4ngust 2:0 v\u00f5iduga alagrupi tabelisse esimesed punktid.<\/p>\n<p>Eesti noormeeste U21 koondise peatreener Sander Post nimetas oktoobrikuisteks EM-valikm\u00e4ngudeks koosseisu 25 m\u00e4ngijat. Aastapikkuse pausi j\u00e4rel on U21 koondise koosseisu kaasatud Sten Jakob Viidas ja Egert \u00d5unapuu. \u201eViidas on Soomes leidnud hea hoo ja selle \u00fcle on suur heameel. \u00d5unapuu on p\u00e4rast vigastuste seljatamist end samuti positiivselt n\u00e4idanud ja koha koondises igati v\u00e4lja teeninud,\u201d kirjeldas Post.<\/p>\n<p>Erinevatel p\u00f5hjustel j\u00e4\u00e4vad koondisest eemale Erko Jonne T\u00f5ugjas, Ramol Sillamaa ja Oliver J\u00fcrgens. \u201eT\u00f5ugjas ja Sillamaa on vigastatud. Suhtlesin ka J\u00fcrgensiga, kes andis m\u00f5ista, et ei ole praegu valmis liituma ning keskendub klubi tegemistele.\u201d<\/p>\n<div><\/div>\n<div><u>Eesti noormeeste U21 koondise koosseis:<\/u><\/div>\n<div><\/div>\n<div><strong>V\u00e4ravavahid<\/strong><\/div>\n<div>Kaur Kivila (22.11.2003) \u2013 FC Kuressaare 14\/0<\/div>\n<div>Georg Mattias Lagus (03.03.2003) \u2013 FC N\u00f5mme United 1\/0<\/div>\n<div>Ott N\u00f5mm (23.10.2004) \u2013 P\u00e4rnu JK Vaprus 0\/0<\/div>\n<div><\/div>\n<div><strong>Kaitsjad<\/strong><\/div>\n<div>Kristo Hussar (28.06.2002) \u2013 Tallinna FC Flora 23\/0<\/div>\n<div>Daniil S\u00f5t\u0161ugov (15.01.2003) \u2013 JK Tallinna Kalev 11\/0<\/div>\n<div>Tanel Tammik (14.06.2002) \u2013 Tartu JK Tammeka 11\/1<\/div>\n<div>Sander Alex Liit (11.04.2003) \u2013 FC Kuressaare 8\/0<\/div>\n<div>Andreas Vaher (15.04.2004) \u2013 Tallinna FC Flora 8\/0<\/div>\n<div>Aleksandr Nikolajev (23.06.2003) \u2013 N\u00f5mme Kalju FC 4\/0<\/div>\n<div>Robert Veering (01.12.2005) \u2013 Tallinna FC Flora 2\/0<\/div>\n<div>Mihhail Kolobov (02.03.2005) \u2013 Tallinna FC Flora 1\/0<\/div>\n<div><\/div>\n<div><strong>Poolkaitsjad<\/strong><\/div>\n<div>Nikita Mihhailov (20.06.2002) \u2013 Tallinna FC Flora 18\/1<\/div>\n<div>Danil Kuraksin (04.04.2003) \u2013 Tallinna FC Flora 15\/2<\/div>\n<div>Patrick Genro Veelma (15.04.2002) \u2013 Tartu JK Tammeka 10\/0<\/div>\n<div>Tristan Toomas Teev\u00e4li (19.05.2003) \u2013 JK Tallinna Kalev 11\/2<\/div>\n<div>Nikita Vassiljev (07.10.2003) \u2013 \u0160TK 1914 \u0160amor\u00edn (SVK) 8\/0<\/div>\n<div>Sten Jakob Viidas (24.02.2003) \u2013 Kokkolan PV (FIN) 6\/1<\/div>\n<div>Daniil Tarassenkov (25.02.2003) \u2013 N\u00f5mme Kalju FC 6\/0<\/div>\n<div>Dimitri Jepihhin (28.10.2005) \u2013 Paide Linnameeskond 4\/0<\/div>\n<div>Oskar H\u00f5im (01.07.2005) \u2013 Paide Linnameeskond 0\/0<\/div>\n<div><\/div>\n<div><strong>R\u00fcndajad<\/strong><\/div>\n<div>Aleksandr \u0160apovalov (28.02.2003) \u2013 Niki Volos FC (GRE) 15\/6<\/div>\n<div>Taaniel Usta (17.02.2003) \u2013 JK Narva Trans 5\/0<\/div>\n<div>Karel Mustmaa (08.08.2005) \u2013 SL Benfica (POR) 4\/0<\/div>\n<div>Egert \u00d5unapuu (20.04.2005) \u2013 FC N\u00f5mme United 1\/0<\/div>\n<div>Tony Varjund (21.06.2007) \u2013 Tallinna FC Flora 0\/0<\/div>\n<div>Peatreener: Sander Post<\/div>\n<div><\/div>\n<div><\/div>\n<div><i>Noormeeste U21 koondis septembrikuises EM-valikm\u00e4ngus Saksamaaga. Foto: Liisi Troska\/jalgpall.ee<\/i><\/div>\n","protected":false},"excerpt":{"rendered":"<p>Eesti noormeeste U21 koondis peab oktoobrikuus kaks viimast kohtumist k\u00e4imasolevas EM-valiksarjas, mis peetakse Kadrioru staadionil. Peatreener nimetas koosseisu 25 m\u00e4ngijat. Noormeeste U21 koondis alustab oktoobrikuiseid m\u00e4nge neljap\u00e4eval, 10. oktoobril, kui kell 19.00 algavas kohtumises v\u00f5\u00f5rustatakse Iisraeli. K\u00e4imsaolevale EM-valiksarjale pannakse punkt viis p\u00e4eva hiljem, 15. oktoobril kohtumises Kosovoga, mis algab kell 18.00. Eesti ja Iisraeli l\u00e4bi [&hellip;]<\/p>\n","protected":false},"author":80,"featured_media":166215,"comment_status":"open","ping_status":"open","sticky":false,"template":"","format":"standard","meta":{"_seopress_robots_primary_cat":"none","_seopress_titles_title":"","_seopress_titles_desc":"","_seopress_robots_index":"","footnotes":""},"categories":[203,142],"tags":[],"class_list":{"0":"post-166214","1":"post","2":"type-post","3":"status-publish","4":"format-standard","5":"has-post-thumbnail","7":"category-jalgpall","8":"category-uudised"},"_links":{"self":[{"href":"https:\/\/www.sekundomer.ee\/et\/wp-json\/wp\/v2\/posts\/166214","targetHints":{"allow":["GET"]}}],"collection":[{"href":"https:\/\/www.sekundomer.ee\/et\/wp-json\/wp\/v2\/posts"}],"about":[{"href":"https:\/\/www.sekundomer.ee\/et\/wp-json\/wp\/v2\/types\/post"}],"author":[{"embeddable":true,"href":"https:\/\/www.sekundomer.ee\/et\/wp-json\/wp\/v2\/users\/80"}],"replies":[{"embeddable":true,"href":"https:\/\/www.sekundomer.ee\/et\/wp-json\/wp\/v2\/comments?post=166214"}],"version-history":[{"count":0,"href":"https:\/\/www.sekundomer.ee\/et\/wp-json\/wp\/v2\/posts\/166214\/revisions"}],"wp:featuredmedia":[{"embeddable":true,"href":"https:\/\/www.sekundomer.ee\/et\/wp-json\/wp\/v2\/media\/166215"}],"wp:attachment":[{"href":"https:\/\/www.sekundomer.ee\/et\/wp-json\/wp\/v2\/media?parent=166214"}],"wp:term":[{"taxonomy":"category","embeddable":true,"href":"https:\/\/www.sekundomer.ee\/et\/wp-json\/wp\/v2\/categories?post=166214"},{"taxonomy":"post_tag","embeddable":true,"href":"https:\/\/www.sekundomer.ee\/et\/wp-json\/wp\/v2\/tags?post=166214"}],"curies":[{"name":"wp","href":"https:\/\/api.w.org\/{rel}","templated":true}]}}