{"id":166551,"date":"2024-10-11T06:50:18","date_gmt":"2024-10-11T03:50:18","guid":{"rendered":"https:\/\/www.sekundomer.ee\/?p=166551"},"modified":"2024-10-11T06:50:18","modified_gmt":"2024-10-11T03:50:18","slug":"noormeeste-u21-koondis-teenis-varjundi-varava-ja-kivila-penaltitorje-toel-voidu","status":"publish","type":"post","link":"https:\/\/www.sekundomer.ee\/et\/uudised\/noormeeste-u21-koondis-teenis-varjundi-varava-ja-kivila-penaltitorje-toel-voidu\/","title":{"rendered":"Noormeeste U21 koondis teenis Varjundi v\u00e4rava ja Kivila penaltit\u00f5rje toel v\u00f5idu"},"content":{"rendered":"<p>Eesti noormeeste U21 l\u00e4ks t\u00e4na, 10. oktoobril Kadrioru staadionil EM-valikm\u00e4ngus vastamisi Iisraeliga. Deb\u00fctant Tony Varjundi v\u00e4rav ja penaltit\u00f5rje teinud Kaur Kivila t\u00f5id Eestile 1:0 v\u00f5idu.<\/p>\n<p>Normaalaja viimasel minutil teenis Iisrael penaltil\u00f6\u00f6gi, saades seel\u00e4bi hea v\u00f5imaluse m\u00e4nguseisu viigistamiseks. Siin kerkis aga eestlaste kangelaseks Kivila, kes aimas edukalt l\u00f6\u00f6gisuuna ning tegi suurep\u00e4rase t\u00f5rje. Kohtumisele lisatud kolme minuti jooksul rohkem miskit liialt ohtlikku ei s\u00fcndinud. Niisiis t\u00e4histas kohtuniku l\u00f5puvile Eestile k\u00e4imasoleva EM-valiksarja esimest v\u00f5itu.<\/p>\n<p>J\u00e4rgmine m\u00e4ng ootab Eesti noormehi ees uue n\u00e4dala teisip\u00e4eval, 15. oktoobril, kui EM-valiksarja viimases m\u00e4ngus kohtutakse Kadrioru staadionil Kosovoga.<\/p>\n<p><i>Foto: Katariina Peetson\/jalgpall.ee<\/i><\/p>\n","protected":false},"excerpt":{"rendered":"<p>Eesti noormeeste U21 l\u00e4ks t\u00e4na, 10. oktoobril Kadrioru staadionil EM-valikm\u00e4ngus vastamisi Iisraeliga. Deb\u00fctant Tony Varjundi v\u00e4rav ja penaltit\u00f5rje teinud Kaur Kivila t\u00f5id Eestile 1:0 v\u00f5idu. Normaalaja viimasel minutil teenis Iisrael penaltil\u00f6\u00f6gi, saades seel\u00e4bi hea v\u00f5imaluse m\u00e4nguseisu viigistamiseks. Siin kerkis aga eestlaste kangelaseks Kivila, kes aimas edukalt l\u00f6\u00f6gisuuna ning tegi suurep\u00e4rase t\u00f5rje. Kohtumisele lisatud kolme minuti [&hellip;]<\/p>\n","protected":false},"author":80,"featured_media":166552,"comment_status":"open","ping_status":"open","sticky":false,"template":"","format":"standard","meta":{"_seopress_robots_primary_cat":"none","_seopress_titles_title":"","_seopress_titles_desc":"","_seopress_robots_index":"","footnotes":""},"categories":[203,142],"tags":[],"class_list":{"0":"post-166551","1":"post","2":"type-post","3":"status-publish","4":"format-standard","5":"has-post-thumbnail","7":"category-jalgpall","8":"category-uudised"},"_links":{"self":[{"href":"https:\/\/www.sekundomer.ee\/et\/wp-json\/wp\/v2\/posts\/166551","targetHints":{"allow":["GET"]}}],"collection":[{"href":"https:\/\/www.sekundomer.ee\/et\/wp-json\/wp\/v2\/posts"}],"about":[{"href":"https:\/\/www.sekundomer.ee\/et\/wp-json\/wp\/v2\/types\/post"}],"author":[{"embeddable":true,"href":"https:\/\/www.sekundomer.ee\/et\/wp-json\/wp\/v2\/users\/80"}],"replies":[{"embeddable":true,"href":"https:\/\/www.sekundomer.ee\/et\/wp-json\/wp\/v2\/comments?post=166551"}],"version-history":[{"count":0,"href":"https:\/\/www.sekundomer.ee\/et\/wp-json\/wp\/v2\/posts\/166551\/revisions"}],"wp:featuredmedia":[{"embeddable":true,"href":"https:\/\/www.sekundomer.ee\/et\/wp-json\/wp\/v2\/media\/166552"}],"wp:attachment":[{"href":"https:\/\/www.sekundomer.ee\/et\/wp-json\/wp\/v2\/media?parent=166551"}],"wp:term":[{"taxonomy":"category","embeddable":true,"href":"https:\/\/www.sekundomer.ee\/et\/wp-json\/wp\/v2\/categories?post=166551"},{"taxonomy":"post_tag","embeddable":true,"href":"https:\/\/www.sekundomer.ee\/et\/wp-json\/wp\/v2\/tags?post=166551"}],"curies":[{"name":"wp","href":"https:\/\/api.w.org\/{rel}","templated":true}]}}