{"id":167832,"date":"2024-11-08T12:06:49","date_gmt":"2024-11-08T10:06:49","guid":{"rendered":"https:\/\/www.sekundomer.ee\/?p=167832"},"modified":"2024-11-08T12:06:59","modified_gmt":"2024-11-08T10:06:59","slug":"konstantin-vassiljev-lopetab-mangijakarjaari","status":"publish","type":"post","link":"https:\/\/www.sekundomer.ee\/et\/uudised\/konstantin-vassiljev-lopetab-mangijakarjaari\/","title":{"rendered":"Konstantin Vassiljev l\u00f5petab m\u00e4ngijakarj\u00e4\u00e4ri"},"content":{"rendered":"<p style=\"font-weight: 400;\">Laup\u00e4evase A. Le Coq Premium Liiga viimase vooru kohtumisega JK Tallinna Kalevi vastu l\u00f5petab FC Flora keskpoolkaitsja Konstantin Vassiljev tegevm\u00e4ngija karj\u00e4\u00e4ri.<\/p>\n<p style=\"font-weight: 400;\">\u201cLaup\u00e4eval ootab meid ees selle hooaja viimane liigam\u00e4ng, kus v\u00f5tame koduv\u00e4ljakul m\u00f5\u00f5tu Tallinna Kalevilt.\u00a0Meie eesm\u00e4rk on selge \u2013 l\u00f5petada hooaeg v\u00f5idu ja kolme punktiga. Tunnistame, et l\u00f5plik tabelikoht pole ainult meie k\u00e4tes ja seega v\u00f5ib juhtuda, et p\u00e4rast kohtuniku l\u00f5puvilet j\u00e4\u00e4me teadmatusse. Sellegipoolest keskendume sihikindlalt oma \u00fclesannetele. Loodan s\u00fcdamest, et meie ustavad toetajad tulevad staadionile ja annavad meile j\u00f5udu algusest l\u00f5puni,\u201d \u00fctles Vassiljev oma karj\u00e4\u00e4ri viimase m\u00e4ngu eel.<\/p>\n<p style=\"font-weight: 400;\">\u201cAga \u00fcks asi on kindel: olenemata m\u00e4ngu kulgemisest j\u00e4\u00e4b see p\u00e4ev mulle igaveseks meelde, sest kohtuniku l\u00f5puvile paneb \u00fchtlasi minu m\u00e4ngijakarj\u00e4\u00e4rile punkti. See on olnud pikk ja t\u00f5eliselt unustamatu teekond, mille jooksul olen kogenud mitmeid erinevaid emotsioone,\u201d t\u00f5des Vassiljev.<\/p>\n<p style=\"font-weight: 400;\">\u201cMul on hulk inimesi, kellele soovin s\u00fcdamep\u00f5hjast t\u00e4nu avaldada. Loodan leida v\u00f5imaluse, kas isiklikult v\u00f5i meedia kaudu, m\u00e4rkida \u00e4ra k\u00f5iki neid, kes on olnud osa sellest fantastilisest seiklusest!\u00a0Eriti tahaksin t\u00e4nada oma pereliikmeid, kes on pidevalt minu k\u00f5rval seisnud ja mind toetanud terve karj\u00e4\u00e4ri v\u00e4ltel,\u201d avaldas Vassiljev t\u00e4nulikkust.<\/p>\n<p style=\"font-weight: 400;\">\u201cAit\u00e4h teile, head jalgpallis\u00f5brad! Kohtumiseni staadionil! L\u00f5petame selle hooaja koos v\u00f5iduga!\u201d kutsus Vassiljev k\u00f5iki f\u00e4nne laup\u00e4eval meeskonnale kaasa elama.<\/p>\n<p style=\"font-weight: 400;\">Vassiljev alustas oma jalgpalliteed Tallinna Jalgpallikoolis, mis kandis hiljem TJK Legioni nime. 2003. aastal liitus ta FC Levadiaga ning m\u00e4ngis klubi v\u00f5istkondade eest kuni 2007. aastani, tulles kolmel korral nii Eesti meistriks kui karikav\u00f5itjaks. Seej\u00e4rel siirdus ta v\u00e4lismaale, kus kandis tosina aasta jooksul Sloveenia (NK Nafta Lendava, FC Koper), Venemaa (Amkar Perm) ja Poola klubide (Piast Gliwice, Jagiellonia Bia\u0142ystok) m\u00e4nguvorme.<\/p>\n<p>2019. aasta alguses naases Vassiljev Eestisse ning liitus FC Floraga. Kuue klubis veedetud hooaja jooksul aitas Vassiljev kaptenina rohes\u00e4rgid nelja Eesti meistritiitli, \u00fche karika- ja kolme superkarikav\u00f5iduni, samuti j\u00f5udis FC Flora 2021. aasta s\u00fcgisel Vassiljevi toel esimese Eesti klubina UEFA Euroopa Konverentsiliiga alagrupiturniirile.<\/p>\n<p style=\"font-weight: 400;\">Hetkeseisuga on Vassiljevi A. Le Coq Premium Liiga kontol 282 m\u00e4ngu ja 106 v\u00e4ravat.<\/p>\n<p style=\"font-weight: 400;\">Vassiljev l\u00e4heb ajalukku Eesti rekordinternatsionaalina, kes on esindanud Eesti koondist 158 ametlikus maav\u00f5istluses ja l\u00f6\u00f6nud nendes 26 v\u00e4ravat. Vassiljev tegi oma koondisedeb\u00fc\u00fcdi 31. mail 2006 kodum\u00e4ngus Uus-Meremaa vastu (1:1) ning l\u00f5petas koondisekarj\u00e4\u00e4ri t\u00e4navu 4. juunil v\u00f5\u00f5rsilm\u00e4ngus \u0160veitsiga (0:4).<\/p>\n<p style=\"font-weight: 400;\">Vassiljev on valitud kolmel korral Eesti aasta jalgpalluriks (2010, 2011, 2013) ning samuti Premium Liiga hooaja parimaks m\u00e4ngijaks (2019, 2022, 2023).<\/p>\n<p style=\"font-weight: 400;\">FC Flora t\u00e4nab klubi pikaajalist kaptenit Konstantin Vassiljevit laup\u00e4evase kodum\u00e4ngu eel.<\/p>\n<p style=\"font-weight: 400;\"><em><br \/>\nPressiteade<br \/>\nFoto: Janek Eslon<\/em><\/p>\n","protected":false},"excerpt":{"rendered":"<p>Laup\u00e4evase A. Le Coq Premium Liiga viimase vooru kohtumisega JK Tallinna Kalevi vastu l\u00f5petab FC Flora keskpoolkaitsja Konstantin Vassiljev tegevm\u00e4ngija karj\u00e4\u00e4ri. \u201cLaup\u00e4eval ootab meid ees selle hooaja viimane liigam\u00e4ng, kus v\u00f5tame koduv\u00e4ljakul m\u00f5\u00f5tu Tallinna Kalevilt.\u00a0Meie eesm\u00e4rk on selge \u2013 l\u00f5petada hooaeg v\u00f5idu ja kolme punktiga. Tunnistame, et l\u00f5plik tabelikoht pole ainult meie k\u00e4tes ja seega [&hellip;]<\/p>\n","protected":false},"author":80,"featured_media":167834,"comment_status":"open","ping_status":"open","sticky":false,"template":"","format":"standard","meta":{"_seopress_robots_primary_cat":"none","_seopress_titles_title":"","_seopress_titles_desc":"","_seopress_robots_index":"","footnotes":""},"categories":[203,142],"tags":[],"class_list":{"0":"post-167832","1":"post","2":"type-post","3":"status-publish","4":"format-standard","5":"has-post-thumbnail","7":"category-jalgpall","8":"category-uudised"},"_links":{"self":[{"href":"https:\/\/www.sekundomer.ee\/et\/wp-json\/wp\/v2\/posts\/167832","targetHints":{"allow":["GET"]}}],"collection":[{"href":"https:\/\/www.sekundomer.ee\/et\/wp-json\/wp\/v2\/posts"}],"about":[{"href":"https:\/\/www.sekundomer.ee\/et\/wp-json\/wp\/v2\/types\/post"}],"author":[{"embeddable":true,"href":"https:\/\/www.sekundomer.ee\/et\/wp-json\/wp\/v2\/users\/80"}],"replies":[{"embeddable":true,"href":"https:\/\/www.sekundomer.ee\/et\/wp-json\/wp\/v2\/comments?post=167832"}],"version-history":[{"count":0,"href":"https:\/\/www.sekundomer.ee\/et\/wp-json\/wp\/v2\/posts\/167832\/revisions"}],"wp:featuredmedia":[{"embeddable":true,"href":"https:\/\/www.sekundomer.ee\/et\/wp-json\/wp\/v2\/media\/167834"}],"wp:attachment":[{"href":"https:\/\/www.sekundomer.ee\/et\/wp-json\/wp\/v2\/media?parent=167832"}],"wp:term":[{"taxonomy":"category","embeddable":true,"href":"https:\/\/www.sekundomer.ee\/et\/wp-json\/wp\/v2\/categories?post=167832"},{"taxonomy":"post_tag","embeddable":true,"href":"https:\/\/www.sekundomer.ee\/et\/wp-json\/wp\/v2\/tags?post=167832"}],"curies":[{"name":"wp","href":"https:\/\/api.w.org\/{rel}","templated":true}]}}