{"id":168272,"date":"2024-11-19T16:04:53","date_gmt":"2024-11-19T14:04:53","guid":{"rendered":"https:\/\/www.sekundomer.ee\/?p=168272"},"modified":"2024-11-19T16:19:59","modified_gmt":"2024-11-19T14:19:59","slug":"eesti-noored-maletajad-osalevad-kadettide-maailmameistrivoistlustel","status":"publish","type":"post","link":"https:\/\/www.sekundomer.ee\/et\/uudised\/eesti-noored-maletajad-osalevad-kadettide-maailmameistrivoistlustel\/","title":{"rendered":"Eesti noored maletajad osalevad kadettide maailmameistriv\u00f5istlustel"},"content":{"rendered":"<p>15.-26. novembrini toimuvad Itaalias Montesilvanos kadettide maailmameistriv\u00f5istlused males (vanuseklassid U8, U10 ja U12). Eestit esindab malemaailmameistriv\u00f5istlustel kuus noort maletajat.<\/p>\n<p>Nelja vooru j\u00e4rel on Karl Samuel Leht (U12; 59. koht 147 osaleja seas), Kristofer Kais (U10; 79. koht 150 osaleja seas) ja Lev Jevglevski (U8; 60. koht 121 osaleja seas) m\u00f5lemal kaks punkti. T\u00fcdrukutest m\u00e4ngivad Eesti eest Nika Istratova (D12), Leelo Mia Thimm (D10) ja Adeele Viikm\u00e4e (D8).<\/p>\n<p>Eesti delegatsiooni juhatab kadettide MM-il Rainer Raud.<\/p>\n<p>Kokku m\u00e4ngitakse 11 vooru.<\/p>\n","protected":false},"excerpt":{"rendered":"<p>15.-26. novembrini toimuvad Itaalias Montesilvanos kadettide maailmameistriv\u00f5istlused males (vanuseklassid U8, U10 ja U12). Eestit esindab malemaailmameistriv\u00f5istlustel kuus noort maletajat. Nelja vooru j\u00e4rel on Karl Samuel Leht (U12; 59. koht 147 osaleja seas), Kristofer Kais (U10; 79. koht 150 osaleja seas) ja Lev Jevglevski (U8; 60. koht 121 osaleja seas) m\u00f5lemal kaks punkti. T\u00fcdrukutest m\u00e4ngivad Eesti [&hellip;]<\/p>\n","protected":false},"author":80,"featured_media":168270,"comment_status":"open","ping_status":"open","sticky":false,"template":"","format":"standard","meta":{"_seopress_robots_primary_cat":"none","_seopress_titles_title":"","_seopress_titles_desc":"","_seopress_robots_index":"","footnotes":""},"categories":[187,142],"tags":[],"class_list":{"0":"post-168272","1":"post","2":"type-post","3":"status-publish","4":"format-standard","5":"has-post-thumbnail","7":"category-male","8":"category-uudised"},"_links":{"self":[{"href":"https:\/\/www.sekundomer.ee\/et\/wp-json\/wp\/v2\/posts\/168272","targetHints":{"allow":["GET"]}}],"collection":[{"href":"https:\/\/www.sekundomer.ee\/et\/wp-json\/wp\/v2\/posts"}],"about":[{"href":"https:\/\/www.sekundomer.ee\/et\/wp-json\/wp\/v2\/types\/post"}],"author":[{"embeddable":true,"href":"https:\/\/www.sekundomer.ee\/et\/wp-json\/wp\/v2\/users\/80"}],"replies":[{"embeddable":true,"href":"https:\/\/www.sekundomer.ee\/et\/wp-json\/wp\/v2\/comments?post=168272"}],"version-history":[{"count":0,"href":"https:\/\/www.sekundomer.ee\/et\/wp-json\/wp\/v2\/posts\/168272\/revisions"}],"wp:featuredmedia":[{"embeddable":true,"href":"https:\/\/www.sekundomer.ee\/et\/wp-json\/wp\/v2\/media\/168270"}],"wp:attachment":[{"href":"https:\/\/www.sekundomer.ee\/et\/wp-json\/wp\/v2\/media?parent=168272"}],"wp:term":[{"taxonomy":"category","embeddable":true,"href":"https:\/\/www.sekundomer.ee\/et\/wp-json\/wp\/v2\/categories?post=168272"},{"taxonomy":"post_tag","embeddable":true,"href":"https:\/\/www.sekundomer.ee\/et\/wp-json\/wp\/v2\/tags?post=168272"}],"curies":[{"name":"wp","href":"https:\/\/api.w.org\/{rel}","templated":true}]}}