{"id":168274,"date":"2024-11-19T21:26:58","date_gmt":"2024-11-19T19:26:58","guid":{"rendered":"https:\/\/www.sekundomer.ee\/?p=168274"},"modified":"2024-11-19T21:26:58","modified_gmt":"2024-11-19T19:26:58","slug":"kapten-karol-metsal-taitub-100-mangu-eesti-koondise-sargis","status":"publish","type":"post","link":"https:\/\/www.sekundomer.ee\/et\/uudised\/kapten-karol-metsal-taitub-100-mangu-eesti-koondise-sargis\/","title":{"rendered":"Kapten Karol Metsal t\u00e4itub 100 m\u00e4ngu Eesti koondise s\u00e4rgis"},"content":{"rendered":"<p>Eesti meeste koondise kapten Karol Mets j\u00f5uab t\u00e4na, 19. novembril kohtumises Slovakkiaga m\u00e4rgilise t\u00e4hiseni \u2013 tegu on tema 100. m\u00e4nguga koondise s\u00e4rgis.<\/p>\n<p>Mets tegi oma deb\u00fc\u00fcdi meeste koondises 2013. aastal v\u00f5\u00f5rsil Lichtensteini vastu, mis oli Tarmo R\u00fc\u00fctli viimane m\u00e4ng koondise eesotsas. M\u00e4rgilisel kombel toimus see kohtumine 19. novembril \u2013 samal kuup\u00e4eval, mil Mets peab oma 100. kohtumise.<\/p>\n<p>Metsa jalgpalliteekond algas 8-aastaselt Viljandi JK Tulevikus, kus tema esimesed treenerid olid Tarmo Palmiste ja Antti Rosenberg. Karj\u00e4\u00e4ri jooksul on ta m\u00e4nginud ka Tallinna FC Flora meeskonnas ning on Eestit esindanud noormeeste U17, U18, U19 ja U21 noortekoondistes.<\/p>\n<p>Mets valiti mullu aasta meesjalgpalluriks. 2023. aasta jaanuaris liitus ta Saksamaa toonase esiliigaklubi St. Pauliga, kellega t\u00f5usti t\u00e4navuseks hooajaks k\u00f5rgeimale tasemele ehk Bundesligasse. Varasema karj\u00e4\u00e4ri jooksul on ta m\u00e4nginud Norra, Rootsi, Hollandi, \u0160veitsi, Bulgaaria ja Saudi Araabia k\u00f5rgliigas.<\/p>\n<p>100 m\u00e4nguni j\u00f5udnud koondislasi tunnustatakse traditsiooniliselt EJLi h\u00f5bem\u00e4rgiga, mis antakse \u00fcle pidulikul Jalgpalligalal.<\/p>\n<p>Metsast sai 100 m\u00e4nguni j\u00f5udnud meeste koondislaste v\u00e4\u00e4rika klubi 15. liige. Varasemalt on selle saavutuseni j\u00f5udnud Indrek Zelinski (kokku 103 m\u00e4ngu), Aleksandr Dmitrijev (106), Joel Lindpere (107), Sergei Zenjov (114), Raio Piiroja (114), Dmitri Kruglov (115), Kristen Viikm\u00e4e (115), Mart Poom (120), Enar J\u00e4\u00e4ger (126), Ragnar Klavan (130), Andres Oper (134), Marko Kristal (143), Martin Reim (157) ja Konstantin Vassiljev (158).<\/p>\n<p><i>Foto: Liisi Troska\/jalgpall.ee<\/i><\/p>\n","protected":false},"excerpt":{"rendered":"<p>Eesti meeste koondise kapten Karol Mets j\u00f5uab t\u00e4na, 19. novembril kohtumises Slovakkiaga m\u00e4rgilise t\u00e4hiseni \u2013 tegu on tema 100. m\u00e4nguga koondise s\u00e4rgis. Mets tegi oma deb\u00fc\u00fcdi meeste koondises 2013. aastal v\u00f5\u00f5rsil Lichtensteini vastu, mis oli Tarmo R\u00fc\u00fctli viimane m\u00e4ng koondise eesotsas. M\u00e4rgilisel kombel toimus see kohtumine 19. novembril \u2013 samal kuup\u00e4eval, mil Mets peab oma [&hellip;]<\/p>\n","protected":false},"author":80,"featured_media":168275,"comment_status":"open","ping_status":"open","sticky":false,"template":"","format":"standard","meta":{"_seopress_robots_primary_cat":"none","_seopress_titles_title":"","_seopress_titles_desc":"","_seopress_robots_index":"","footnotes":""},"categories":[203,142],"tags":[1320],"class_list":{"0":"post-168274","1":"post","2":"type-post","3":"status-publish","4":"format-standard","5":"has-post-thumbnail","7":"category-jalgpall","8":"category-uudised","9":"tag-karol-mets-2"},"_links":{"self":[{"href":"https:\/\/www.sekundomer.ee\/et\/wp-json\/wp\/v2\/posts\/168274","targetHints":{"allow":["GET"]}}],"collection":[{"href":"https:\/\/www.sekundomer.ee\/et\/wp-json\/wp\/v2\/posts"}],"about":[{"href":"https:\/\/www.sekundomer.ee\/et\/wp-json\/wp\/v2\/types\/post"}],"author":[{"embeddable":true,"href":"https:\/\/www.sekundomer.ee\/et\/wp-json\/wp\/v2\/users\/80"}],"replies":[{"embeddable":true,"href":"https:\/\/www.sekundomer.ee\/et\/wp-json\/wp\/v2\/comments?post=168274"}],"version-history":[{"count":0,"href":"https:\/\/www.sekundomer.ee\/et\/wp-json\/wp\/v2\/posts\/168274\/revisions"}],"wp:featuredmedia":[{"embeddable":true,"href":"https:\/\/www.sekundomer.ee\/et\/wp-json\/wp\/v2\/media\/168275"}],"wp:attachment":[{"href":"https:\/\/www.sekundomer.ee\/et\/wp-json\/wp\/v2\/media?parent=168274"}],"wp:term":[{"taxonomy":"category","embeddable":true,"href":"https:\/\/www.sekundomer.ee\/et\/wp-json\/wp\/v2\/categories?post=168274"},{"taxonomy":"post_tag","embeddable":true,"href":"https:\/\/www.sekundomer.ee\/et\/wp-json\/wp\/v2\/tags?post=168274"}],"curies":[{"name":"wp","href":"https:\/\/api.w.org\/{rel}","templated":true}]}}