{"id":168377,"date":"2024-11-23T14:27:46","date_gmt":"2024-11-23T12:27:46","guid":{"rendered":"https:\/\/www.sekundomer.ee\/?p=168377"},"modified":"2024-11-23T14:27:46","modified_gmt":"2024-11-23T12:27:46","slug":"viljandi-maadluskeskust-kulastas-eesti-vabariigi-president","status":"publish","type":"post","link":"https:\/\/www.sekundomer.ee\/et\/uudised\/viljandi-maadluskeskust-kulastas-eesti-vabariigi-president\/","title":{"rendered":"Viljandi maadluskeskust k\u00fclastas Eesti Vabariigi president"},"content":{"rendered":"<div class=\"xdj266r x11i5rnm xat24cr x1mh8g0r x1vvkbs x126k92a\">\n<p dir=\"auto\">Eile k\u00fclastas Viljandi Maadluskeskust ning Maadlusklubi Tulevikku Eesti Vabariigi president h\u00e4rra Alar Karis.<\/p>\n<p dir=\"auto\">President k\u00fclastas maadluskeskust noorte treeningu ajal ning j\u00e4lgis Lisette B\u00f6ttkeri \u2013 Polina Tim\u0161ina ning Rene Taltsi \u2013 Tristan Aleksandrovi n\u00e4idismat\u0161i. Samuti tutvus president maadluskeskuse v\u00f5imalustega ja vestles MK Tuleviku presidendi Indrek Vassuse ning treenerite Ahto Raska ja Rain Aleksandroviga Viljandi maadluse muredest ja r\u00f5\u00f5mudest.<\/p>\n<\/div>\n<div class=\"x11i5rnm xat24cr x1mh8g0r x1vvkbs xtlvy1s x126k92a\">\n<p dir=\"auto\"><em>maadlusliit<\/em><\/p>\n<\/div>\n","protected":false},"excerpt":{"rendered":"<p>Eile k\u00fclastas Viljandi Maadluskeskust ning Maadlusklubi Tulevikku Eesti Vabariigi president h\u00e4rra Alar Karis. President k\u00fclastas maadluskeskust noorte treeningu ajal ning j\u00e4lgis Lisette B\u00f6ttkeri \u2013 Polina Tim\u0161ina ning Rene Taltsi \u2013 Tristan Aleksandrovi n\u00e4idismat\u0161i. Samuti tutvus president maadluskeskuse v\u00f5imalustega ja vestles MK Tuleviku presidendi Indrek Vassuse ning treenerite Ahto Raska ja Rain Aleksandroviga Viljandi maadluse muredest [&hellip;]<\/p>\n","protected":false},"author":80,"featured_media":168378,"comment_status":"open","ping_status":"open","sticky":false,"template":"","format":"standard","meta":{"_seopress_robots_primary_cat":"none","_seopress_titles_title":"","_seopress_titles_desc":"","_seopress_robots_index":"","footnotes":""},"categories":[158,142],"tags":[],"class_list":{"0":"post-168377","1":"post","2":"type-post","3":"status-publish","4":"format-standard","5":"has-post-thumbnail","7":"category-maadlus","8":"category-uudised"},"_links":{"self":[{"href":"https:\/\/www.sekundomer.ee\/et\/wp-json\/wp\/v2\/posts\/168377","targetHints":{"allow":["GET"]}}],"collection":[{"href":"https:\/\/www.sekundomer.ee\/et\/wp-json\/wp\/v2\/posts"}],"about":[{"href":"https:\/\/www.sekundomer.ee\/et\/wp-json\/wp\/v2\/types\/post"}],"author":[{"embeddable":true,"href":"https:\/\/www.sekundomer.ee\/et\/wp-json\/wp\/v2\/users\/80"}],"replies":[{"embeddable":true,"href":"https:\/\/www.sekundomer.ee\/et\/wp-json\/wp\/v2\/comments?post=168377"}],"version-history":[{"count":0,"href":"https:\/\/www.sekundomer.ee\/et\/wp-json\/wp\/v2\/posts\/168377\/revisions"}],"wp:featuredmedia":[{"embeddable":true,"href":"https:\/\/www.sekundomer.ee\/et\/wp-json\/wp\/v2\/media\/168378"}],"wp:attachment":[{"href":"https:\/\/www.sekundomer.ee\/et\/wp-json\/wp\/v2\/media?parent=168377"}],"wp:term":[{"taxonomy":"category","embeddable":true,"href":"https:\/\/www.sekundomer.ee\/et\/wp-json\/wp\/v2\/categories?post=168377"},{"taxonomy":"post_tag","embeddable":true,"href":"https:\/\/www.sekundomer.ee\/et\/wp-json\/wp\/v2\/tags?post=168377"}],"curies":[{"name":"wp","href":"https:\/\/api.w.org\/{rel}","templated":true}]}}