{"id":168422,"date":"2024-11-25T15:27:09","date_gmt":"2024-11-25T13:27:09","guid":{"rendered":"https:\/\/www.sekundomer.ee\/?p=168422"},"modified":"2024-11-25T15:27:09","modified_gmt":"2024-11-25T13:27:09","slug":"fc-flora-peatreenerina-alustab-tood-konstantin-vassiljev","status":"publish","type":"post","link":"https:\/\/www.sekundomer.ee\/et\/uudised\/fc-flora-peatreenerina-alustab-tood-konstantin-vassiljev\/","title":{"rendered":"FC Flora peatreenerina alustab t\u00f6\u00f6d Konstantin Vassiljev"},"content":{"rendered":"<p>FC Flora peatreenerina alustab t\u00f6\u00f6d \u00e4sja m\u00e4ngijakarj\u00e4\u00e4ri l\u00f5petanud keskpoolkaitsja ja Eesti rekordinternatsionaal Konstantin Vassiljev. Meeskond alustab \u00fchiselt uueks hooajaks valmistumist jaanuari alguses.<\/p>\n<p>&#8220;Valmistusin viimased viis v\u00f5i kuus aastat p\u00e4evaks kui karj\u00e4\u00e4ri l\u00f5petan kuna tahtsin kindlasti jalgpallis j\u00e4tkata. Selle aja v\u00e4ltel oleme FC Flora juhtkonnaga h\u00fcpoteetiliselt treenerit\u00f6\u00f6st r\u00e4\u00e4kinud ja selline variant oli \u00f5hus. L\u00f5puks kulges k\u00f5ik v\u00e4ga kiiresti ning klubi otsustas mulle peatreenerina v\u00f5imaluse anda. Minu jaoks ei olnud see raske otsus,&#8221; kommenteeris 40-aastane Vassiljev.<\/p>\n<p>V\u00e4rske peatreener tunnistab, et p\u00f5neva v\u00e4ljakutsega kaasnevad suured ootused. &#8220;Vastutus on p\u00e4ris suur, saan sellest aru. Samas ei ole mingit v\u00f5imalust olla v\u00e4ljakutseteks l\u00f5plikult valmis kuna ka tipptreenerid vahetavad aeg-ajalt klubisid. Alati peab kusagilt alustama. Kui pakutakse v\u00f5imalust juhendada FC Flora esindusmeeskonda, siis loomulikult tuleb sellest kinni haarata. Praegu ei tahaks ma midagi deklameerida &#8211; hakkame uueks hooajaks meeskonda ehitama ja liigume plaani j\u00e4rgi.\u00a0Kindlasti peame olema konkurentsiv\u00f5imelised ja heitlema meistritiitli nimel,&#8221; \u00fctles ta.<\/p>\n<p>FC Flora esindusmeeskond alustab Vassiljevi juhendamisel uueks hooajaks ettevalmistust jaanuari alguses, kuid m\u00f5ned m\u00e4ngijad kogunevad eelnevalt juba detsembris. &#8220;Algne nimekiri m\u00e4ngijatest on pikk. Seet\u00f5ttu tahan osade m\u00e4ngijate ja nende omadustega eelnevalt tutvuda, et seej\u00e4rel otsustada, kes jaanuaris koos meiega ettevalmistust alustavad,&#8221; selgitas v\u00e4rske peatreener.<\/p>\n<p>Vassiljev on l\u00f5petamas Eesti Jalgpalli Liidu (EJL) UEFA Pro kvalifikatsioonikursust, mille pidulik l\u00f5putseremoonia toimub detsembri keskpaigas.<\/p>\n<p>Vassiljev alustas oma jalgpalliteed Tallinna Jalgpallikoolis, mis kandis hiljem TJK Legioni nime. 2003. aastal liitus ta FC Levadiaga ning m\u00e4ngis klubi v\u00f5istkondade eest kuni 2007. aastani, tulles kolmel korral nii Eesti meistriks kui karikav\u00f5itjaks. Seej\u00e4rel siirdus ta v\u00e4lismaale, kus kandis tosina aasta jooksul Sloveenia (NK Nafta Lendava, FC Koper), Venemaa (Amkar Perm) ja Poola klubide (Piast Gliwice, Jagiellonia Bia\u0142ystok) m\u00e4nguvorme.<\/p>\n<p>2019. aasta alguses naases Vassiljev Eestisse ning liitus FC Floraga. Kuue klubis veedetud hooaja jooksul aitas Vassiljev kaptenina rohes\u00e4rgid nelja Eesti meistritiitli, \u00fche karika- ja kolme superkarikav\u00f5iduni, samuti j\u00f5udis FC Flora 2021. aasta s\u00fcgisel Vassiljevi toel esimese Eesti klubina UEFA Euroopa Konverentsiliiga alagrupiturniirile. Premium Liigas j\u00e4id Vassiljevi kontole 283 m\u00e4ngu ja 106 v\u00e4ravat.<\/p>\n<p>Vassiljev l\u00e4heb ajalukku Eesti rekordinternatsionaalina, kes on esindanud Eesti koondist 158 ametlikus maav\u00f5istluses ja l\u00f6\u00f6nud nendes 26 v\u00e4ravat. Vassiljev tegi oma koondisedeb\u00fc\u00fcdi 31. mail 2006 kodum\u00e4ngus Uus-Meremaa vastu (1:1) ning l\u00f5petas koondisekarj\u00e4\u00e4ri t\u00e4navu 4. juunil v\u00f5\u00f5rsilm\u00e4ngus \u0160veitsiga (0:4).<\/p>\n<p>Vassiljev on valitud kolmel korral Eesti aasta jalgpalluriks (2010, 2011, 2013) ning samuti Premium Liiga hooaja parimaks m\u00e4ngijaks (2019, 2022, 2023).<\/p>\n<p>FC Flora v\u00e4rske peatreener on p\u00e4lvinud Eesti aasta kodaniku tiitli (2011) ja Valget\u00e4he IV klassi teenetem\u00e4rgi (2013).<\/p>\n<p>FC Flora esindusmeeskonna senine peatreener Taavi Viik j\u00e4tkab klubis.<\/p>\n<p><em>Pressiteade<\/em><br \/>\n<em>Foto: Janek Eslon<\/em><\/p>\n","protected":false},"excerpt":{"rendered":"<p>FC Flora peatreenerina alustab t\u00f6\u00f6d \u00e4sja m\u00e4ngijakarj\u00e4\u00e4ri l\u00f5petanud keskpoolkaitsja ja Eesti rekordinternatsionaal Konstantin Vassiljev. Meeskond alustab \u00fchiselt uueks hooajaks valmistumist jaanuari alguses. &#8220;Valmistusin viimased viis v\u00f5i kuus aastat p\u00e4evaks kui karj\u00e4\u00e4ri l\u00f5petan kuna tahtsin kindlasti jalgpallis j\u00e4tkata. Selle aja v\u00e4ltel oleme FC Flora juhtkonnaga h\u00fcpoteetiliselt treenerit\u00f6\u00f6st r\u00e4\u00e4kinud ja selline variant oli \u00f5hus. L\u00f5puks kulges k\u00f5ik [&hellip;]<\/p>\n","protected":false},"author":80,"featured_media":168423,"comment_status":"open","ping_status":"open","sticky":false,"template":"","format":"standard","meta":{"_seopress_robots_primary_cat":"none","_seopress_titles_title":"","_seopress_titles_desc":"","_seopress_robots_index":"","footnotes":""},"categories":[203,142],"tags":[],"class_list":{"0":"post-168422","1":"post","2":"type-post","3":"status-publish","4":"format-standard","5":"has-post-thumbnail","7":"category-jalgpall","8":"category-uudised"},"_links":{"self":[{"href":"https:\/\/www.sekundomer.ee\/et\/wp-json\/wp\/v2\/posts\/168422","targetHints":{"allow":["GET"]}}],"collection":[{"href":"https:\/\/www.sekundomer.ee\/et\/wp-json\/wp\/v2\/posts"}],"about":[{"href":"https:\/\/www.sekundomer.ee\/et\/wp-json\/wp\/v2\/types\/post"}],"author":[{"embeddable":true,"href":"https:\/\/www.sekundomer.ee\/et\/wp-json\/wp\/v2\/users\/80"}],"replies":[{"embeddable":true,"href":"https:\/\/www.sekundomer.ee\/et\/wp-json\/wp\/v2\/comments?post=168422"}],"version-history":[{"count":0,"href":"https:\/\/www.sekundomer.ee\/et\/wp-json\/wp\/v2\/posts\/168422\/revisions"}],"wp:featuredmedia":[{"embeddable":true,"href":"https:\/\/www.sekundomer.ee\/et\/wp-json\/wp\/v2\/media\/168423"}],"wp:attachment":[{"href":"https:\/\/www.sekundomer.ee\/et\/wp-json\/wp\/v2\/media?parent=168422"}],"wp:term":[{"taxonomy":"category","embeddable":true,"href":"https:\/\/www.sekundomer.ee\/et\/wp-json\/wp\/v2\/categories?post=168422"},{"taxonomy":"post_tag","embeddable":true,"href":"https:\/\/www.sekundomer.ee\/et\/wp-json\/wp\/v2\/tags?post=168422"}],"curies":[{"name":"wp","href":"https:\/\/api.w.org\/{rel}","templated":true}]}}