{"id":168516,"date":"2024-12-01T07:44:22","date_gmt":"2024-12-01T05:44:22","guid":{"rendered":"https:\/\/www.sekundomer.ee\/?p=168516"},"modified":"2024-12-01T07:44:50","modified_gmt":"2024-12-01T05:44:50","slug":"aasta-kergejoustiklasteks-valiti-johannes-erm-ja-laura-maasik","status":"publish","type":"post","link":"https:\/\/www.sekundomer.ee\/et\/uudised\/aasta-kergejoustiklasteks-valiti-johannes-erm-ja-laura-maasik\/","title":{"rendered":"Aasta kergej\u00f5ustiklasteks valiti Johannes Erm ja Laura Maasik"},"content":{"rendered":"<p>2024. aasta parima meeskergej\u00f5ustiklase tiitli p\u00e4lvis oodatult sel suvel Roomas k\u00fcmnev\u00f5istluse Euroopa meistriks kroonitud Johannes Erm. Lisaks Euroopa meistriv\u00f5istluste kuldmedalile kuuluvad Ermi auhinnakappi sellest hooajast ka sisemaailmameistriv\u00f5istluste pronksmedal seitsmev\u00f5istluses,\u00a0<em>World Athletics<\/em>\u00a0mitmev\u00f5istluse tuuri \u00fcldv\u00f5it, Talence-i k\u00fcmnev\u00f5istluse v\u00f5it ja G\u00f6tzise k\u00fcmnev\u00f5istluse kolmas koht.<\/p>\n<p>Johannes Erm kahjuks \u00fcritusel kohal ei viibinud, sest valmistub juba uueks hooajaks L\u00f5una-Aafrika laagris. Tervitused ja t\u00e4nus\u00f5nad edastas ta kohalviibijatele videosilla vahendusel ning s\u00f5nas, et tunneb suurt r\u00f5\u00f5mu ja au oma esimese Aasta Meeskergej\u00f5ustiklase tiitli \u00fcle.<\/p>\n<p>Aasta naiskergej\u00f5ustiklaseks valiti esimest korda Laura Maasik, kes tegi sel aastal eduka tiitliv\u00f5istluste deb\u00fc\u00fcdi staadionil. Roomas toimunud Euroopa meistriv\u00f5istlustel saavutas ta 3000 m takistusjooksus 19. koha uue Eesti rekordiga ning j\u00e4i napilt finaalist v\u00e4lja. Kokku uuendas Maasik 3000 m ja 2000 m takistusjooksu Eesti rekordeid sellel aastal neljal korral. Sel hooajal ootavad Maasikut ees veel murdmaajooksu Euroopa meistriv\u00f5istlused, mis toimuvad j\u00e4rgmisel p\u00fchap\u00e4eval, 8. detsembril T\u00fcrgis.<\/p>\n<p>Aasta sooritaja tiitliga tunnustati 400 m t\u00f5kkejooksjat Rasmus M\u00e4gi ja k\u00fcmnev\u00f5istlejat Janek \u00d5iglast. M\u00e4gi j\u00f5udis kolmandat korda j\u00e4rjest ol\u00fcmpiam\u00e4ngude finaali, saavutas Euroopa meistriv\u00f5istlustel neljanda koha ning tuli Teemantliiga finaaletapil kolmandaks. \u00d5iglane tegi Pariisis oma ol\u00fcmpiam\u00e4ngude deb\u00fc\u00fcdi ning saavutas elu parima k\u00fcmnev\u00f5istluse tulemusega k\u00f5rge viienda koha.<\/p>\n<p>Lisaks t\u00e4nas Kergej\u00f5ustikuliit s\u00e4rava ja eduka karj\u00e4\u00e4ri eest neid sportlasi, kes t\u00e4navu teatasid spordiga l\u00f5pparve tegemisest: Magnus Kirt, Ksenija Balta, Kaur Kivistik, Grit \u0160adeiko ja T\u00e4hti Alver.<\/p>\n<p>Pidulikul gala\u00f5htul anti \u00fcle auhinnad ka erinevate vanuseklasside parimatele sportlastele ja nende treeneritele, tunnustati parimaid klubisid, kohtunikke ja kergej\u00f5ustikuveterane ning t\u00e4nati Eesti Kergej\u00f5ustikuliidu koost\u00f6\u00f6partnereid ja sponsoreid.<\/p>\n<p><strong>K\u00d5IK AUHINNASAAJAD:<\/strong><\/p>\n<p>&nbsp;<\/p>\n<p style=\"font-weight: 400;\"><strong>Aasta naiskergej\u00f5ustiklane:\u00a0<\/strong>takistusjooksja Laura Maasik (N\u00f5mme KJK, treener Glen Grant)<\/p>\n<p style=\"font-weight: 400;\"><strong>Aasta meeskergej\u00f5ustiklane:<\/strong>\u00a0mitmev\u00f5istleja Johannes Erm (SK Leksi 44, treener Holger Peel)<\/p>\n<p style=\"font-weight: 400;\"><strong>U23 vanuseklassi aasta kergej\u00f5ustiklased:<\/strong>\u00a0k\u00f5rgush\u00fcppaja Elisabeth Pihela (T\u00dcASK, treener Grit \u0160adeiko) ja mitmev\u00f5istleja Rasmus Roosleht (Tallinna SS Kalev, treener Toomas Suurv\u00e4li)<\/p>\n<p style=\"font-weight: 400;\"><strong>U20 vanuseklassi aasta kergej\u00f5ustiklased:<\/strong>\u00a0k\u00f5rgush\u00fcppaja Karmen Bruus (Tartu SS Kalev, treener Kersti Viru) ja teivash\u00fcppaja Robert Kompus (SK Elite Sport, treener Harry Lemberg)<\/p>\n<p style=\"font-weight: 400;\"><strong>U18 vanuseklassi aasta kergej\u00f5ustiklased:<\/strong>\u00a0sprinter Miia Ott (Rae Kergej\u00f5ustik, treener Maris M\u00e4gi) ja mitmev\u00f5istleja Tristan Konso (Rakvere KJK ViKe, treener Alar Madilainen)<\/p>\n<p style=\"font-weight: 400;\"><strong>U16 vanuseklassi aasta kergej\u00f5ustiklased:<\/strong>\u00a0Diana Johanna Vanamb (Tartu SS Kalev, treener Kersti Viru) ja Hank-Gerhard Hausenberg (Tartu SS Kalev, treener Harry Lemberg)<\/p>\n<p style=\"font-weight: 400;\"><strong>U14 vanuseklassi aasta kergej\u00f5ustiklased:<\/strong>\u00a0Marietta Verst (T\u00dcASK, treener Harry Lemberg) ja Valter Kuld (SK Elite Sport, treener Mairo T\u00e4nav (T\u00e4nak))<\/p>\n<p style=\"font-weight: 400;\"><strong>Aasta sooritajad:<\/strong>\u00a0Rasmus M\u00e4gi (T\u00dcASK) ja Janek \u00d5iglane (Audentese SK)<\/p>\n<p style=\"font-weight: 400;\"><strong>Eriauhind \u201eDelfi lugejate lemmik\u201c:<\/strong>\u00a0Johannes Erm<\/p>\n<p style=\"font-weight: 400;\"><strong>Euroopa Kergej\u00f5ustikuliidu treenerit\u00f6\u00f6 auhind:<\/strong>\u00a0Piret Tamm ja T\u00f5nu Kaukis<\/p>\n<p style=\"font-weight: 400;\"><strong>Euroopa Kergej\u00f5ustikuliidu auhind:\u00a0<\/strong>Lilia Schmidt ja Heini Allikvee<\/p>\n<p style=\"font-weight: 400;\"><strong>Parim U14, U16, U18 ja U20 klubi:<\/strong>\u00a0SK Elite Sport<\/p>\n<p style=\"font-weight: 400;\"><strong>Parim U23 ja t\u00e4iskasvanute klubi:<\/strong>\u00a0Tartu \u00dclikooli Akadeemiline Spordiklubi<\/p>\n<p style=\"font-weight: 400;\"><strong>Aasta kergej\u00f5ustikuveteranid:<\/strong>\u00a0Kristi V\u00f5hmar ja Fred Vali<\/p>\n<p style=\"font-weight: 400;\"><strong>Aasta kohtunik:<\/strong>\u00a0Elisa Annamaa<\/p>\n<p style=\"font-weight: 400;\"><strong>Aasta noorkohtunik:<\/strong>\u00a0Sesse Vali<\/p>\n<p style=\"font-weight: 400;\"><strong>Pika traditsiooniga v\u00f5istlused:<\/strong>\u00a0XX Toomas Berendseni karikav\u00f5istlused viiev\u00f5istluses ja J\u00e4rvakandi Igamehe Maraton<\/p>\n<p style=\"font-weight: 400;\"><strong>Eriline t\u00e4nu:<\/strong>\u00a0Jana Ilves ja J\u00fcri Dorbek<\/p>\n<p><em>Foto: Guntis Berzins<\/em><\/p>\n","protected":false},"excerpt":{"rendered":"<p>2024. aasta parima meeskergej\u00f5ustiklase tiitli p\u00e4lvis oodatult sel suvel Roomas k\u00fcmnev\u00f5istluse Euroopa meistriks kroonitud Johannes Erm. Lisaks Euroopa meistriv\u00f5istluste kuldmedalile kuuluvad Ermi auhinnakappi sellest hooajast ka sisemaailmameistriv\u00f5istluste pronksmedal seitsmev\u00f5istluses,\u00a0World Athletics\u00a0mitmev\u00f5istluse tuuri \u00fcldv\u00f5it, Talence-i k\u00fcmnev\u00f5istluse v\u00f5it ja G\u00f6tzise k\u00fcmnev\u00f5istluse kolmas koht. Johannes Erm kahjuks \u00fcritusel kohal ei viibinud, sest valmistub juba uueks hooajaks L\u00f5una-Aafrika laagris. Tervitused [&hellip;]<\/p>\n","protected":false},"author":80,"featured_media":168517,"comment_status":"open","ping_status":"open","sticky":false,"template":"","format":"standard","meta":{"_seopress_robots_primary_cat":"none","_seopress_titles_title":"","_seopress_titles_desc":"","_seopress_robots_index":"","footnotes":""},"categories":[201,142],"tags":[1216,1173],"class_list":{"0":"post-168516","1":"post","2":"type-post","3":"status-publish","4":"format-standard","5":"has-post-thumbnail","7":"category-kergejoustik","8":"category-uudised","9":"tag-johannes-erm","10":"tag-laura-maasik-et"},"_links":{"self":[{"href":"https:\/\/www.sekundomer.ee\/et\/wp-json\/wp\/v2\/posts\/168516","targetHints":{"allow":["GET"]}}],"collection":[{"href":"https:\/\/www.sekundomer.ee\/et\/wp-json\/wp\/v2\/posts"}],"about":[{"href":"https:\/\/www.sekundomer.ee\/et\/wp-json\/wp\/v2\/types\/post"}],"author":[{"embeddable":true,"href":"https:\/\/www.sekundomer.ee\/et\/wp-json\/wp\/v2\/users\/80"}],"replies":[{"embeddable":true,"href":"https:\/\/www.sekundomer.ee\/et\/wp-json\/wp\/v2\/comments?post=168516"}],"version-history":[{"count":0,"href":"https:\/\/www.sekundomer.ee\/et\/wp-json\/wp\/v2\/posts\/168516\/revisions"}],"wp:featuredmedia":[{"embeddable":true,"href":"https:\/\/www.sekundomer.ee\/et\/wp-json\/wp\/v2\/media\/168517"}],"wp:attachment":[{"href":"https:\/\/www.sekundomer.ee\/et\/wp-json\/wp\/v2\/media?parent=168516"}],"wp:term":[{"taxonomy":"category","embeddable":true,"href":"https:\/\/www.sekundomer.ee\/et\/wp-json\/wp\/v2\/categories?post=168516"},{"taxonomy":"post_tag","embeddable":true,"href":"https:\/\/www.sekundomer.ee\/et\/wp-json\/wp\/v2\/tags?post=168516"}],"curies":[{"name":"wp","href":"https:\/\/api.w.org\/{rel}","templated":true}]}}