{"id":168591,"date":"2024-12-02T17:52:22","date_gmt":"2024-12-02T15:52:22","guid":{"rendered":"https:\/\/www.sekundomer.ee\/?p=168591"},"modified":"2024-12-02T17:52:22","modified_gmt":"2024-12-02T15:52:22","slug":"eesti-naiste-koondis-vottis-kosovo-ule-revansi-ja-lopetas-aasta-voidukalt","status":"publish","type":"post","link":"https:\/\/www.sekundomer.ee\/et\/uudised\/eesti-naiste-koondis-vottis-kosovo-ule-revansi-ja-lopetas-aasta-voidukalt\/","title":{"rendered":"Eesti naiste koondis v\u00f5ttis Kosovo \u00fcle revan\u0161i ja l\u00f5petas aasta v\u00f5idukalt"},"content":{"rendered":"<p>Eesti naiste koondist ootas t\u00e4na, 2. detsembril ees aasta viimane m\u00e4ng, kui teises maav\u00f5istlusm\u00e4ngus Kosovo vastu teeniti\u00a0<u><a id=\"OWAb1c762e6-9a77-09c4-6587-efaeb7329acf\" class=\"x_OWAAutoLink\" href=\"https:\/\/www.jalgpall.ee\/koondis\/7\/mangud\/protocol\/3542\" target=\"_blank\" rel=\"noopener\" data-auth=\"NotApplicable\">2:1<\/a><\/u>\u00a0v\u00f5it.<\/p>\n<p>Kohtumise avaminutid kuulusid Kosovo naiskonnale, kes valdas palli ja r\u00fcndas aktiivselt. Eesti kaitsjad pidasid survele vastu ning oma deb\u00fc\u00fctm\u00e4ngus n\u00e4itas v\u00e4ravavaht Katarina Elisabeth K\u00e4pa oskuslikke sekkumisi. Eesti j\u00f5udis juhtv\u00e4ravani 23. minutil, kui Lisette Tammiku nurgal\u00f6\u00f6gi j\u00e4rel j\u00e4i pall karistusalas lahtiseks ning olukorras n\u00e4itas t\u00e4psust Vlada Kubassova.<\/p>\n<p>Kohtumise 35. minutil kasvatas Eesti eduseisu veelgi: vaid viis minutit varem vahetusest sekkunud Kristina Teern vormistas enda teise tabamuse koondise s\u00e4rgis. Inna Kiss-Zlidnise t\u00e4pne s\u00f6\u00f6t leidis vasakul \u00e4\u00e4rel Anette Salei, kes omakorda leidis Teerni. Viimane saatis palli v\u00e4ravavahi jalgevahelt kindlalt v\u00f5rku, viies Eesti 2:0 ette.<\/p>\n<p>Teine kolmveerandtund algas sarnaselt esimesele, kus Kosovo n\u00e4itas \u00fclekaalukat teravust. Kohtumise 84. minutil teenis Kosovo eestlanna k\u00e4ega m\u00e4ngu j\u00e4rel penaltil\u00f6\u00f6gi, kuid seda realiseerima l\u00e4inud m\u00e4ngija l\u00f5i nahkkera posti. Sellele j\u00e4rgnenud nurgal\u00f6\u00f6gi j\u00e4rgses olukorras lendas pall napilt \u00fcle v\u00e4rava.<\/p>\n<p>Esimesel \u00fcleminutil l\u00f5i Kosovo \u00fche v\u00e4rava tagasi, kui naiskonna kasuks m\u00e4\u00e4rati teine penaltil\u00f6\u00f6k. Sel korral n\u00e4itas Donjeta Halilaj t\u00e4psust, vormistades l\u00f5pptabloole 1:2. Nii oli Eesti p\u00f6\u00f6ranud kolme p\u00e4eva taguse kaotusseisu v\u00f5iduks ning l\u00f5petanud aasta v\u00f5idutulemusega.<\/p>\n<p>T\u00e4nases kohtumises said lisaks K\u00e4pale deb\u00fc\u00fcdi kirja Lisandra Rannasto ja Anastasia Ivanova.<\/p>\n<p>Koondise peatreener Aleksandra \u0160evoldajeva t\u00f5stis p\u00e4rast m\u00e4ngu esile naiskonna v\u00f5imekuse hoida m\u00e4ngu kontrolli all ja j\u00e4rgida kokkulepitud \u00fclesandeid. \u201eKui saad esimeses m\u00e4ngus 0:8 kaotuse, siis v\u00f5ib tunduda, et selline tulemus ongi reaalsus. Aga t\u00e4na meil oli olukordi, mille endale lahti m\u00f5testasime ja mis esimeses m\u00e4ngus ei olnud nii h\u00e4sti kontrolli all. Kontrollisime momente paremini ja m\u00e4ngijad t\u00e4itsid oma \u00fclesandeid h\u00e4sti,\u201c r\u00e4\u00e4kis ta.<\/p>\n<p>\u0160evoldajeva lisas, et kuigi m\u00e4ng oli raske, t\u00f5estasid nad endale, et eduks vajalikud asjad on koondise enda kontrollida. \u201eMingites momentides julgestasime v\u00e4ga palju \u00fcle, aga samas on see oluline, et m\u00e4ngijad tunnetaksid m\u00e4ngu ja momente paremini. Esimesel poolajal andsin palju infot ja me ei v\u00f5tnud fookust, siis v\u00f5tsime ette kaitsebloki ja palliga m\u00e4ngu olukorrad, kuid kindlasti tahaksime vastast veel k\u00f5rgemalt haavata,\u201c \u00fctles ta. Peatreener lisas: \u201eInfohulk, mis m\u00e4ngijad on koosolekutega saanud, on t\u00f5esti v\u00e4ga suur, aga nii saamegi edasi liikuda, kui meil on baasasjad korras.\u201c<\/p>\n<p>Tuleval aastal ootab naiste koondist ees Rahvuste liiga uus hooaeg, mida alustatakse 25. veebruaril v\u00f5\u00f5rsil, kui vastamisi minnakse Iisraeliga.<\/p>\n<p><i>Foto: Liisi Troska\/jalgpall.ee<\/i><\/p>\n","protected":false},"excerpt":{"rendered":"<p>Eesti naiste koondist ootas t\u00e4na, 2. detsembril ees aasta viimane m\u00e4ng, kui teises maav\u00f5istlusm\u00e4ngus Kosovo vastu teeniti\u00a02:1\u00a0v\u00f5it. Kohtumise avaminutid kuulusid Kosovo naiskonnale, kes valdas palli ja r\u00fcndas aktiivselt. Eesti kaitsjad pidasid survele vastu ning oma deb\u00fc\u00fctm\u00e4ngus n\u00e4itas v\u00e4ravavaht Katarina Elisabeth K\u00e4pa oskuslikke sekkumisi. Eesti j\u00f5udis juhtv\u00e4ravani 23. minutil, kui Lisette Tammiku nurgal\u00f6\u00f6gi j\u00e4rel j\u00e4i pall [&hellip;]<\/p>\n","protected":false},"author":80,"featured_media":168592,"comment_status":"open","ping_status":"open","sticky":false,"template":"","format":"standard","meta":{"_seopress_robots_primary_cat":"none","_seopress_titles_title":"","_seopress_titles_desc":"","_seopress_robots_index":"","footnotes":""},"categories":[203,142],"tags":[],"class_list":{"0":"post-168591","1":"post","2":"type-post","3":"status-publish","4":"format-standard","5":"has-post-thumbnail","7":"category-jalgpall","8":"category-uudised"},"_links":{"self":[{"href":"https:\/\/www.sekundomer.ee\/et\/wp-json\/wp\/v2\/posts\/168591","targetHints":{"allow":["GET"]}}],"collection":[{"href":"https:\/\/www.sekundomer.ee\/et\/wp-json\/wp\/v2\/posts"}],"about":[{"href":"https:\/\/www.sekundomer.ee\/et\/wp-json\/wp\/v2\/types\/post"}],"author":[{"embeddable":true,"href":"https:\/\/www.sekundomer.ee\/et\/wp-json\/wp\/v2\/users\/80"}],"replies":[{"embeddable":true,"href":"https:\/\/www.sekundomer.ee\/et\/wp-json\/wp\/v2\/comments?post=168591"}],"version-history":[{"count":0,"href":"https:\/\/www.sekundomer.ee\/et\/wp-json\/wp\/v2\/posts\/168591\/revisions"}],"wp:featuredmedia":[{"embeddable":true,"href":"https:\/\/www.sekundomer.ee\/et\/wp-json\/wp\/v2\/media\/168592"}],"wp:attachment":[{"href":"https:\/\/www.sekundomer.ee\/et\/wp-json\/wp\/v2\/media?parent=168591"}],"wp:term":[{"taxonomy":"category","embeddable":true,"href":"https:\/\/www.sekundomer.ee\/et\/wp-json\/wp\/v2\/categories?post=168591"},{"taxonomy":"post_tag","embeddable":true,"href":"https:\/\/www.sekundomer.ee\/et\/wp-json\/wp\/v2\/tags?post=168591"}],"curies":[{"name":"wp","href":"https:\/\/api.w.org\/{rel}","templated":true}]}}