{"id":168625,"date":"2024-12-04T11:54:04","date_gmt":"2024-12-04T09:54:04","guid":{"rendered":"https:\/\/www.sekundomer.ee\/?p=168625"},"modified":"2024-12-04T11:56:27","modified_gmt":"2024-12-04T09:56:27","slug":"tristan-toomas-teevali-liitus-fc-floraga","status":"publish","type":"post","link":"https:\/\/www.sekundomer.ee\/et\/uudised\/tristan-toomas-teevali-liitus-fc-floraga\/","title":{"rendered":"Tristan Toomas Teev\u00e4li liitus FC Floraga"},"content":{"rendered":"<p style=\"font-weight: 400;\">FC Flora allkirjastas elukutselise m\u00e4ngija lepingu JK Tallinna Kalevi ja Eesti U21 noortekoondise keskpoolkaitsja Tristan Toomas Teev\u00e4liga.<\/p>\n<p style=\"font-weight: 400;\">\u201cMul on v\u00e4ga hea meel FC Floraga liituda!\u201d s\u00f5nas 21-aastane Teev\u00e4li. \u201cSee on hea keskkond, kus ennast t\u00f5estada ja m\u00e4nguminuteid teenida. Soovin esindada klubi v\u00e4\u00e4rikalt nii v\u00e4ljakul kui selle k\u00f5rval. Meeskonnana on meil siht j\u00e4rgmisel hooajal meistritiitli nimel v\u00f5idelda. Isiklikus plaanis soovin v\u00f5imalikult palju m\u00e4ngida ning end igak\u00fclgselt t\u00f5estada ja n\u00e4idata.\u201c<\/p>\n<p style=\"font-weight: 400;\">\u201cMinu esimene m\u00e4ng Konstantin Vassiljevi vastu tuli h\u00e4sti v\u00e4lja \u2013 ma loodan, et ta m\u00e4letab seda,\u201c kirjeldas Teev\u00e4li oma esimest kokkupuudet FC Flora v\u00e4rske peatreeneriga. \u201cOotan FC Flora esindusmeeskonna hooajaks ettevalmistuse algust p\u00f5nevusega! T\u00f6\u00f6 alles algab!\u201d<\/p>\n<p style=\"font-weight: 400;\">Teev\u00e4li jaoks l\u00f5ppes hooaeg laup\u00e4eval kui JK Tallinna Kalev alistas Premium Liiga teises \u00fcleminekum\u00e4ngus Viimsi JK lisaajal 1:0\u00a0 ning tagas j\u00e4rgmiseks hooajaks koha k\u00f5rgeimas koduses sarjas.\u00a0\u201cM\u00e4ngisin Kalevis kaheksa aastat ja klubi on mulle v\u00e4ga s\u00fcdamel\u00e4hedane. Kui r\u00e4\u00e4kisin meeskonnakaaslastele, et mul avaneb v\u00f5imalus FC Florasse siirduda ja end seal proovile panna, siis saadi sellest aru. Olen v\u00e4ga t\u00e4nulik Kalevile nende aastate ja v\u00f5imaluste eest! Suur ait\u00e4h meeskonnale, treeneritele, klubi liikmetele ja f\u00e4nnidele! Ait\u00e4h!\u201d \u00fctles ta.<\/p>\n<p style=\"font-weight: 400;\">Teev\u00e4li alustas jalgpalliteed Viimsi MRJK-s ning liitus 2013. aastal JK Tallinna Kaleviga, mida esindas alates erinevatest noorteklassidest kuni esindusmeeskonnani v\u00e4lja. Premium Liigas tegi Teev\u00e4li esmakordselt kaasa 2019. aastal, kandes deb\u00fc\u00fcthooajal Kalevi s\u00e4rki kokku 24 m\u00e4ngus.<\/p>\n<p style=\"font-weight: 400;\">Teev\u00e4li on ka FC Flora poolehoidjate jaoks juba tuttav m\u00e4ngija \u2013 nimelt liitus ta 2020. aasta suvel JK Tallinna Kalevist FC Flora U21 meeskonnaga ning m\u00e4ngis selle koosseisus Esiliigas ka 2021. aastal. 2022. aasta kevadel siirdus keskv\u00e4ljamees Premium Liiga m\u00e4nguaja saamiseks FC Kuressaare meeskonda laenule ning taasliitus sama aasta suvel Kaleviga, kelle ridades m\u00e4ngis veel kaks ja pool hooaega. Eelmisel hooajal v\u00f5itis Teev\u00e4li Kalevi koosseisus Premium Liiga pronksmedali, osaledes 33 m\u00e4ngus ja l\u00fc\u00fces 10 v\u00e4ravat. T\u00e4navu j\u00e4i tema Premium Liiga saldoks 31 m\u00e4ngu, viis v\u00e4ravat ja kaks tulemuslikku s\u00f6\u00f6tu.<\/p>\n<p style=\"font-weight: 400;\">Premium Liigas on Teev\u00e4li osalenud kokku 123 m\u00e4ngus ja l\u00f6\u00f6nud 18 v\u00e4ravat.<\/p>\n<p style=\"font-weight: 400;\">Tristan Toomas Teev\u00e4li on m\u00e4nginud Eesti U21 (13\/3), U19 (6\/1), U17 (10\/0) ja U16 (4\/0) noortekoondises.<\/p>\n<p style=\"font-weight: 400;\"><em>Foto: Kenn Rull<\/em><\/p>\n","protected":false},"excerpt":{"rendered":"<p>FC Flora allkirjastas elukutselise m\u00e4ngija lepingu JK Tallinna Kalevi ja Eesti U21 noortekoondise keskpoolkaitsja Tristan Toomas Teev\u00e4liga. \u201cMul on v\u00e4ga hea meel FC Floraga liituda!\u201d s\u00f5nas 21-aastane Teev\u00e4li. \u201cSee on hea keskkond, kus ennast t\u00f5estada ja m\u00e4nguminuteid teenida. Soovin esindada klubi v\u00e4\u00e4rikalt nii v\u00e4ljakul kui selle k\u00f5rval. Meeskonnana on meil siht j\u00e4rgmisel hooajal meistritiitli nimel [&hellip;]<\/p>\n","protected":false},"author":80,"featured_media":168626,"comment_status":"open","ping_status":"open","sticky":false,"template":"","format":"standard","meta":{"_seopress_robots_primary_cat":"none","_seopress_titles_title":"","_seopress_titles_desc":"","_seopress_robots_index":"","footnotes":""},"categories":[203,142],"tags":[1331],"class_list":{"0":"post-168625","1":"post","2":"type-post","3":"status-publish","4":"format-standard","5":"has-post-thumbnail","7":"category-jalgpall","8":"category-uudised","9":"tag-tristan-toomas-teevali"},"_links":{"self":[{"href":"https:\/\/www.sekundomer.ee\/et\/wp-json\/wp\/v2\/posts\/168625","targetHints":{"allow":["GET"]}}],"collection":[{"href":"https:\/\/www.sekundomer.ee\/et\/wp-json\/wp\/v2\/posts"}],"about":[{"href":"https:\/\/www.sekundomer.ee\/et\/wp-json\/wp\/v2\/types\/post"}],"author":[{"embeddable":true,"href":"https:\/\/www.sekundomer.ee\/et\/wp-json\/wp\/v2\/users\/80"}],"replies":[{"embeddable":true,"href":"https:\/\/www.sekundomer.ee\/et\/wp-json\/wp\/v2\/comments?post=168625"}],"version-history":[{"count":0,"href":"https:\/\/www.sekundomer.ee\/et\/wp-json\/wp\/v2\/posts\/168625\/revisions"}],"wp:featuredmedia":[{"embeddable":true,"href":"https:\/\/www.sekundomer.ee\/et\/wp-json\/wp\/v2\/media\/168626"}],"wp:attachment":[{"href":"https:\/\/www.sekundomer.ee\/et\/wp-json\/wp\/v2\/media?parent=168625"}],"wp:term":[{"taxonomy":"category","embeddable":true,"href":"https:\/\/www.sekundomer.ee\/et\/wp-json\/wp\/v2\/categories?post=168625"},{"taxonomy":"post_tag","embeddable":true,"href":"https:\/\/www.sekundomer.ee\/et\/wp-json\/wp\/v2\/tags?post=168625"}],"curies":[{"name":"wp","href":"https:\/\/api.w.org\/{rel}","templated":true}]}}