{"id":169215,"date":"2024-12-21T11:58:23","date_gmt":"2024-12-21T09:58:23","guid":{"rendered":"https:\/\/www.sekundomer.ee\/?p=169215"},"modified":"2024-12-21T11:58:50","modified_gmt":"2024-12-21T09:58:50","slug":"eestit-esindavad-tallinnas-em-l-niina-petrokina-aleksandr-selevko-ja-mihhail-selevko","status":"publish","type":"post","link":"https:\/\/www.sekundomer.ee\/et\/uudised\/eestit-esindavad-tallinnas-em-l-niina-petrokina-aleksandr-selevko-ja-mihhail-selevko\/","title":{"rendered":"Eestit esindavad Tallinnas EM-l Niina Petr\u00f5kina, Aleksandr Selevko ja Mihhail Selevko"},"content":{"rendered":"<p>Eesti Uisuliit kinnitas selle n\u00e4dala juhatuse koosolekul koondise, kes esindab Eestit jaanuari l\u00f5pus Tallinnas Tondiraba j\u00e4\u00e4hallis algavatel Euroopa meistriv\u00f5istlustel.<\/p>\n<p>Kuna EM-le p\u00e4\u00e4semiseks olid kriteeriumid hooaja algul t\u00e4pselt paika pandud, siis koondise koosseisus \u00fcllatusi ei olnud. EM-l osalemiseks lunastasid koha uisutajad, kes said kahel ISU Challeneger v\u00f5i GP sarja \u00a0v\u00f5istlusel k\u00f5rgeimad l\u00fchikava ja vabakava punktisummad. Nendeks sportlasteks olid Niina Petr\u00f5kina naiste \u00fcksiks\u00f5idus ning meeste \u00fcksiks\u00f5idus, kus Eestil on v\u00f5imalus osaleda kahe sportlasega, vennad Aleksandr ja Mihhail Selevko.<\/p>\n<p>Niina Petr\u00f5kina alustab v\u00f5istlust EM avap\u00e4eval 29. jaanuaril kell 17.00 algavas naiste l\u00fchikavas. Meeste l\u00fchikava on kavas neljap\u00e4eval 30. jaanuaril algusega 13.00.<\/p>\n<p><em>uisuliit.ee<\/em><\/p>\n","protected":false},"excerpt":{"rendered":"<p>Eesti Uisuliit kinnitas selle n\u00e4dala juhatuse koosolekul koondise, kes esindab Eestit jaanuari l\u00f5pus Tallinnas Tondiraba j\u00e4\u00e4hallis algavatel Euroopa meistriv\u00f5istlustel. Kuna EM-le p\u00e4\u00e4semiseks olid kriteeriumid hooaja algul t\u00e4pselt paika pandud, siis koondise koosseisus \u00fcllatusi ei olnud. EM-l osalemiseks lunastasid koha uisutajad, kes said kahel ISU Challeneger v\u00f5i GP sarja \u00a0v\u00f5istlusel k\u00f5rgeimad l\u00fchikava ja vabakava punktisummad. Nendeks [&hellip;]<\/p>\n","protected":false},"author":80,"featured_media":168891,"comment_status":"open","ping_status":"open","sticky":false,"template":"","format":"standard","meta":{"_seopress_robots_primary_cat":"none","_seopress_titles_title":"","_seopress_titles_desc":"","_seopress_robots_index":"","footnotes":""},"categories":[199,142],"tags":[],"class_list":{"0":"post-169215","1":"post","2":"type-post","3":"status-publish","4":"format-standard","5":"has-post-thumbnail","7":"category-iluuisutamine","8":"category-uudised"},"_links":{"self":[{"href":"https:\/\/www.sekundomer.ee\/et\/wp-json\/wp\/v2\/posts\/169215","targetHints":{"allow":["GET"]}}],"collection":[{"href":"https:\/\/www.sekundomer.ee\/et\/wp-json\/wp\/v2\/posts"}],"about":[{"href":"https:\/\/www.sekundomer.ee\/et\/wp-json\/wp\/v2\/types\/post"}],"author":[{"embeddable":true,"href":"https:\/\/www.sekundomer.ee\/et\/wp-json\/wp\/v2\/users\/80"}],"replies":[{"embeddable":true,"href":"https:\/\/www.sekundomer.ee\/et\/wp-json\/wp\/v2\/comments?post=169215"}],"version-history":[{"count":0,"href":"https:\/\/www.sekundomer.ee\/et\/wp-json\/wp\/v2\/posts\/169215\/revisions"}],"wp:featuredmedia":[{"embeddable":true,"href":"https:\/\/www.sekundomer.ee\/et\/wp-json\/wp\/v2\/media\/168891"}],"wp:attachment":[{"href":"https:\/\/www.sekundomer.ee\/et\/wp-json\/wp\/v2\/media?parent=169215"}],"wp:term":[{"taxonomy":"category","embeddable":true,"href":"https:\/\/www.sekundomer.ee\/et\/wp-json\/wp\/v2\/categories?post=169215"},{"taxonomy":"post_tag","embeddable":true,"href":"https:\/\/www.sekundomer.ee\/et\/wp-json\/wp\/v2\/tags?post=169215"}],"curies":[{"name":"wp","href":"https:\/\/api.w.org\/{rel}","templated":true}]}}