{"id":169939,"date":"2025-01-13T20:32:01","date_gmt":"2025-01-13T18:32:01","guid":{"rendered":"https:\/\/www.sekundomer.ee\/?p=169939"},"modified":"2025-01-13T20:32:01","modified_gmt":"2025-01-13T18:32:01","slug":"eesti-kreeka-rooma-maadluse-peatreeneriks-valiti-soomlane-juha-lappalainen","status":"publish","type":"post","link":"https:\/\/www.sekundomer.ee\/et\/uudised\/eesti-kreeka-rooma-maadluse-peatreeneriks-valiti-soomlane-juha-lappalainen\/","title":{"rendered":"Eesti Kreeka-Rooma maadluse peatreeneriks valiti soomlane Juha Lappalainen\u00a0\u00a0\u00a0\u00a0\u00a0\u00a0"},"content":{"rendered":"<p>Eesti Maadlusliidu juhatus valis erinevate maadlusstiilide ja vanuseklasside peatreenerid.<\/p>\n<p>Kreeka-Rooma maadluse t\u00e4iskasvanute koondise peatreeneriks valiti soomlane Juha Lappalainen, kes sportlasena v\u00f5istles 2000. aasta Sidney ol\u00fcmpiam\u00e4ngudel ning treenerina on osalenud Pekingi, Rio de Janeiro, Tokyo ja Pariisi ol\u00fcmpiatel.<\/p>\n<p>Varem on Lappalinen t\u00f6\u00f6tanud Soome maadlusliidus erinevates rollides, olles aastatel 2013-2016 k\u00f5ikide maadlusstiilide peatreener, aastatel 2017-2021 spordidirektor ning 2022-2024 Kreeka-Rooma maadluse peatreener.<\/p>\n<p>Kreeka-Rooma maadluse U-20 koondise peatreeneriks valiti Ivar Kotkas ning U-17 ja U-15 koondiste peatreenerina j\u00e4tkab t\u00f6\u00f6d Kristjan Press.<\/p>\n<p>Vabamaadluses j\u00e4tkab U-20 vanuseklassi peatreenerina Rain Aleksandrov ning U-17 ja U-15 peatreeneriks valiti eelmisel aastal sportlaskarj\u00e4\u00e4ri l\u00f5petanud Aimar Andruse.<\/p>\n<p>Naistemaadluse peatreenerina j\u00e4tkab Ahto Raska.<\/p>\n","protected":false},"excerpt":{"rendered":"<p>Eesti Maadlusliidu juhatus valis erinevate maadlusstiilide ja vanuseklasside peatreenerid. Kreeka-Rooma maadluse t\u00e4iskasvanute koondise peatreeneriks valiti soomlane Juha Lappalainen, kes sportlasena v\u00f5istles 2000. aasta Sidney ol\u00fcmpiam\u00e4ngudel ning treenerina on osalenud Pekingi, Rio de Janeiro, Tokyo ja Pariisi ol\u00fcmpiatel. Varem on Lappalinen t\u00f6\u00f6tanud Soome maadlusliidus erinevates rollides, olles aastatel 2013-2016 k\u00f5ikide maadlusstiilide peatreener, aastatel 2017-2021 spordidirektor ning [&hellip;]<\/p>\n","protected":false},"author":80,"featured_media":169941,"comment_status":"open","ping_status":"open","sticky":false,"template":"","format":"standard","meta":{"_seopress_robots_primary_cat":"none","_seopress_titles_title":"","_seopress_titles_desc":"","_seopress_robots_index":"","footnotes":""},"categories":[158,142],"tags":[],"class_list":{"0":"post-169939","1":"post","2":"type-post","3":"status-publish","4":"format-standard","5":"has-post-thumbnail","7":"category-maadlus","8":"category-uudised"},"_links":{"self":[{"href":"https:\/\/www.sekundomer.ee\/et\/wp-json\/wp\/v2\/posts\/169939","targetHints":{"allow":["GET"]}}],"collection":[{"href":"https:\/\/www.sekundomer.ee\/et\/wp-json\/wp\/v2\/posts"}],"about":[{"href":"https:\/\/www.sekundomer.ee\/et\/wp-json\/wp\/v2\/types\/post"}],"author":[{"embeddable":true,"href":"https:\/\/www.sekundomer.ee\/et\/wp-json\/wp\/v2\/users\/80"}],"replies":[{"embeddable":true,"href":"https:\/\/www.sekundomer.ee\/et\/wp-json\/wp\/v2\/comments?post=169939"}],"version-history":[{"count":0,"href":"https:\/\/www.sekundomer.ee\/et\/wp-json\/wp\/v2\/posts\/169939\/revisions"}],"wp:featuredmedia":[{"embeddable":true,"href":"https:\/\/www.sekundomer.ee\/et\/wp-json\/wp\/v2\/media\/169941"}],"wp:attachment":[{"href":"https:\/\/www.sekundomer.ee\/et\/wp-json\/wp\/v2\/media?parent=169939"}],"wp:term":[{"taxonomy":"category","embeddable":true,"href":"https:\/\/www.sekundomer.ee\/et\/wp-json\/wp\/v2\/categories?post=169939"},{"taxonomy":"post_tag","embeddable":true,"href":"https:\/\/www.sekundomer.ee\/et\/wp-json\/wp\/v2\/tags?post=169939"}],"curies":[{"name":"wp","href":"https:\/\/api.w.org\/{rel}","templated":true}]}}