{"id":170523,"date":"2025-02-07T20:42:32","date_gmt":"2025-02-07T18:42:32","guid":{"rendered":"https:\/\/www.sekundomer.ee\/?p=170523"},"modified":"2025-02-07T20:42:32","modified_gmt":"2025-02-07T18:42:32","slug":"kristina-teern-ja-siret-raamet-siirdusid-austria-klubisse-lask","status":"publish","type":"post","link":"https:\/\/www.sekundomer.ee\/et\/uudised\/kristina-teern-ja-siret-raamet-siirdusid-austria-klubisse-lask\/","title":{"rendered":"Kristina Teern ja Siret R\u00e4\u00e4met siirdusid Austria klubisse LASK"},"content":{"rendered":"<p style=\"font-weight: 400;\">FC Flora naiskonna r\u00fcndaja Kristina Teern ja kaitsja Siret R\u00e4\u00e4met siirdusid m\u00e4ngima Austria naiste k\u00f5rgliigaklubisse Linzer ASK (LASK).<\/p>\n<p style=\"font-weight: 400;\">Lisaks nendele liitus LASK-iga endine FC Flora poolkaitsja Jaanika Volkov, kes seni kuulus \u0160veitsi klubi Genfi Servette\u00b4i ridadesse.<\/p>\n<p style=\"font-weight: 400;\">&#8220;Olen alati tahtnud ja unistanud, et saaksin olla profijalgpallur ja m\u00e4ngida v\u00e4lismaal.\u00a0Kui selline pakkumine jaanuari keskel tuli, siis v\u00f5tsin selle vastu. Mul on hea meel, et saan h\u00e4id ja v\u00e4ljakutsuvaid treeninguid ning m\u00e4nge ja kindlasti ka kogemust, millest v\u00f5ib tulevikus kasu olla,&#8221; \u00fctles Teern. &#8220;Tahan t\u00e4nada treenereid, klubi ja tiimikaaslaseid koos oldud aja eest!\u00a0Soovin FC Flora naiskonnale edu ja loodan, et nad saavutavad endale seatud eesm\u00e4rgid,&#8221; lisas ta.<\/p>\n<p style=\"font-weight: 400;\">\u201cMul on hea meel liituda LASK-i naiskonnaga. Tunnen, et praegu on \u00f5ige hetk keskkonnavahetuseks ning siinne liiga on mulle kindlasti ka individuaalset v\u00e4ljakutset pakkuv. V\u00f5istkond ning treenerid on j\u00e4tnud hea mulje ning usun, et suudame koos klubi poolt seatud eesm\u00e4rgid t\u00e4ita,&#8221; r\u00e4\u00e4kis R\u00e4\u00e4met. &#8220;Tahan t\u00e4nada FC Florat, nii staffi kui ka m\u00e4ngijaid, kes on olnud alati toetavad ning loonud oma professionaalse suhtumisega tingimused selle sammu tegemiseks!&#8221;<\/p>\n<p style=\"font-weight: 400;\">Jaanika Volkov siirdus Austriasse laenulepingu alusel \u0160veitsi k\u00f5rgliigas m\u00e4ngivast Servette&#8217;ist. &#8220;Ootan p\u00f5nevusega uut \u00fclesannet. Tahan areneda isiklikus plaanis ning hoida LASK-i Austria k\u00f5rgliigas,&#8221; \u00fctles 19-aastane Volkov.<\/p>\n<p style=\"font-weight: 400;\">FC Flora spordidirektor Taavi Trasberg r\u00f5\u00f5mustas, et perspektiivikate noormeeste k\u00f5rval saavad v\u00f5imaluse end tugevates v\u00e4lisklubides proovile panna ka klubi naisjalgpallurid. &#8220;Mul on v\u00e4ga hea meel, et Kristina ja Siret astuvad oma karj\u00e4\u00e4ris j\u00e4rgmise sammu, samuti liitub nendega LASK-is meie klubi kasvandik Jaanika Volkov. Soovin neile k\u00f5igile palju edu ja tuult tiibadesse! Loodan v\u00e4ga, et meie tublide neidude l\u00e4bimurre innustab teisi vutit\u00fcdrukuid senisest veelgi innukamalt harjutama ning samuti uusi huvilisi jalgpallitrenni tulema,&#8221; s\u00f5nas ta.<\/p>\n<p style=\"font-weight: 400;\">20-aastane Teern on FC Kuressaare kasvandik ja liitus FC Floraga 2020. aastal. Viimasel hooajal m\u00e4ngis ta rohevalgete eest Naiste Meistriliigas 26 m\u00e4ngus ja l\u00f5i 22 v\u00e4ravat. Eesti koondist on ta esindanud 12 m\u00e4ngus ja l\u00f6\u00f6nud kaks v\u00e4ravat. 25-aastane R\u00e4\u00e4met on FC Flora kasvandik ning m\u00e4ngis klubi eest alates 2011. aastast. Eelmisel hooajal osales ta 23 liigam\u00e4ngus ja l\u00f5i nendes kolm v\u00e4ravat. Eesti koondises on R\u00e4\u00e4metil kirjas 48 ametlikku maav\u00f5istlust. R\u00e4\u00e4met on hetkel seitsme- ja Teern viiekordne Eesti meister.<\/p>\n<p style=\"font-weight: 400;\">LASK paikneb Austria k\u00f5rgliigas k\u00fcmne naiskonna seas hetkel viimasel kohal, olles kogunud 13 m\u00e4nguga kuus punkti. LASK-i liigahooaeg j\u00e4tkub 15. veebruaril kui s\u00f5idetakse k\u00fclla tabeliliider St. P\u00f6ltenile.<\/p>\n<p style=\"font-weight: 400;\"><em>Fotod: LASK.at<\/em><\/p>\n","protected":false},"excerpt":{"rendered":"<p>FC Flora naiskonna r\u00fcndaja Kristina Teern ja kaitsja Siret R\u00e4\u00e4met siirdusid m\u00e4ngima Austria naiste k\u00f5rgliigaklubisse Linzer ASK (LASK). Lisaks nendele liitus LASK-iga endine FC Flora poolkaitsja Jaanika Volkov, kes seni kuulus \u0160veitsi klubi Genfi Servette\u00b4i ridadesse. &#8220;Olen alati tahtnud ja unistanud, et saaksin olla profijalgpallur ja m\u00e4ngida v\u00e4lismaal.\u00a0Kui selline pakkumine jaanuari keskel tuli, siis v\u00f5tsin [&hellip;]<\/p>\n","protected":false},"author":80,"featured_media":170524,"comment_status":"open","ping_status":"open","sticky":false,"template":"","format":"standard","meta":{"_seopress_robots_primary_cat":"none","_seopress_titles_title":"","_seopress_titles_desc":"","_seopress_robots_index":"","footnotes":""},"categories":[203,142],"tags":[],"class_list":{"0":"post-170523","1":"post","2":"type-post","3":"status-publish","4":"format-standard","5":"has-post-thumbnail","7":"category-jalgpall","8":"category-uudised"},"_links":{"self":[{"href":"https:\/\/www.sekundomer.ee\/et\/wp-json\/wp\/v2\/posts\/170523","targetHints":{"allow":["GET"]}}],"collection":[{"href":"https:\/\/www.sekundomer.ee\/et\/wp-json\/wp\/v2\/posts"}],"about":[{"href":"https:\/\/www.sekundomer.ee\/et\/wp-json\/wp\/v2\/types\/post"}],"author":[{"embeddable":true,"href":"https:\/\/www.sekundomer.ee\/et\/wp-json\/wp\/v2\/users\/80"}],"replies":[{"embeddable":true,"href":"https:\/\/www.sekundomer.ee\/et\/wp-json\/wp\/v2\/comments?post=170523"}],"version-history":[{"count":0,"href":"https:\/\/www.sekundomer.ee\/et\/wp-json\/wp\/v2\/posts\/170523\/revisions"}],"wp:featuredmedia":[{"embeddable":true,"href":"https:\/\/www.sekundomer.ee\/et\/wp-json\/wp\/v2\/media\/170524"}],"wp:attachment":[{"href":"https:\/\/www.sekundomer.ee\/et\/wp-json\/wp\/v2\/media?parent=170523"}],"wp:term":[{"taxonomy":"category","embeddable":true,"href":"https:\/\/www.sekundomer.ee\/et\/wp-json\/wp\/v2\/categories?post=170523"},{"taxonomy":"post_tag","embeddable":true,"href":"https:\/\/www.sekundomer.ee\/et\/wp-json\/wp\/v2\/tags?post=170523"}],"curies":[{"name":"wp","href":"https:\/\/api.w.org\/{rel}","templated":true}]}}