{"id":170841,"date":"2025-02-14T11:39:48","date_gmt":"2025-02-14T09:39:48","guid":{"rendered":"https:\/\/www.sekundomer.ee\/?p=170841"},"modified":"2025-02-14T11:39:48","modified_gmt":"2025-02-14T09:39:48","slug":"fc-flora-naiskonnaga-liitus-keskkaitsja-alesja-kiuru","status":"publish","type":"post","link":"https:\/\/www.sekundomer.ee\/et\/uudised\/fc-flora-naiskonnaga-liitus-keskkaitsja-alesja-kiuru\/","title":{"rendered":"FC Flora naiskonnaga liitus keskkaitsja Alesja Kiuru"},"content":{"rendered":"<p>FC Flora naiskonnaga liitus Eesti neidude U17 koondise keskkaitsja Alesja Kiuru. Kohtla-J\u00e4rvel s\u00fcndinud 16-aastane m\u00e4ngija liitus laenulepingu alusel J\u00f5hvi klubist FC Phoenix, Flora FC ametlikul lehel teatab.<\/p>\n<p>\u201cMul on v\u00e4ga hea meel olla osa Eesti parimast naiskonnast. Tunnen uhkust ja r\u00f5\u00f5mu, et minus n\u00e4hti potentsiaali. Ma olen valmis ja ootan p\u00f5nevusega enda deb\u00fc\u00fcti,\u201d \u00fctles Kiuru.<\/p>\n<p>Keskkaitsja s\u00f5nul on tema eesm\u00e4rgiks elada naiskonda sisse ja saada m\u00e4ngukogemust Meistriliigas. \u201cTunnen, et FC Flora naiskonnas on k\u00f5rgem tase ja parem kvaliteet, mis aitab mul kiiremini areneda. Kaaslased on mind h\u00e4sti vastu v\u00f5tnud. Nad toetavad ja aitavad, kui mul on abi vaja,\u201d lisas ta.<\/p>\n<p>\u201cAlesja n\u00e4ol saime kaitseliini hea t\u00e4ienduse. Ta on noor perspektiivikas keskkaitsja, kes esindab ka koondist. Meil on r\u00f5\u00f5m tema liitumise \u00fcle ja j\u00e4lgime tema arengut suure p\u00f5nevusega!\u201d s\u00f5nas FC Flora naiskonna kaaspeatreener Reivo Vinter.<\/p>\n<p>Alesja Kiuru on J\u00f5hvi FC Phoenixi kasvandik ning m\u00e4ngis aastatel 2018-2022 klubi noortev\u00f5istkondades. Viimasel kahel hooajal esindas ta naiste II liigas pallivat J\u00f5hvi FC Phoenixi ja JK Narva Transi \u00fchendnaiskonda, mullu kogunes tema arvele 16 m\u00e4ngu ja seitse v\u00e4ravat.<\/p>\n<p>Kiuru on esindanud Eesti neidude U17 (12\/0) ja U15 (4\/0) koondisi.<\/p>\n<p>FC Flora naiskond v\u00f5\u00f5rustab laup\u00e4eval, 15. veebruaril kell 18:30 Rapla jalgpallihallis peetavas konrollm\u00e4ngus L\u00e4ti klubi FK Metta.<\/p>\n<p><em>Foto: Kenn Rull<\/em><\/p>\n","protected":false},"excerpt":{"rendered":"<p>FC Flora naiskonnaga liitus Eesti neidude U17 koondise keskkaitsja Alesja Kiuru. Kohtla-J\u00e4rvel s\u00fcndinud 16-aastane m\u00e4ngija liitus laenulepingu alusel J\u00f5hvi klubist FC Phoenix, Flora FC ametlikul lehel teatab. \u201cMul on v\u00e4ga hea meel olla osa Eesti parimast naiskonnast. Tunnen uhkust ja r\u00f5\u00f5mu, et minus n\u00e4hti potentsiaali. Ma olen valmis ja ootan p\u00f5nevusega enda deb\u00fc\u00fcti,\u201d \u00fctles Kiuru. [&hellip;]<\/p>\n","protected":false},"author":80,"featured_media":170842,"comment_status":"open","ping_status":"open","sticky":false,"template":"","format":"standard","meta":{"_seopress_robots_primary_cat":"none","_seopress_titles_title":"","_seopress_titles_desc":"","_seopress_robots_index":"","footnotes":""},"categories":[203,142],"tags":[1357],"class_list":{"0":"post-170841","1":"post","2":"type-post","3":"status-publish","4":"format-standard","5":"has-post-thumbnail","7":"category-jalgpall","8":"category-uudised","9":"tag-alesja-kiuru"},"_links":{"self":[{"href":"https:\/\/www.sekundomer.ee\/et\/wp-json\/wp\/v2\/posts\/170841","targetHints":{"allow":["GET"]}}],"collection":[{"href":"https:\/\/www.sekundomer.ee\/et\/wp-json\/wp\/v2\/posts"}],"about":[{"href":"https:\/\/www.sekundomer.ee\/et\/wp-json\/wp\/v2\/types\/post"}],"author":[{"embeddable":true,"href":"https:\/\/www.sekundomer.ee\/et\/wp-json\/wp\/v2\/users\/80"}],"replies":[{"embeddable":true,"href":"https:\/\/www.sekundomer.ee\/et\/wp-json\/wp\/v2\/comments?post=170841"}],"version-history":[{"count":0,"href":"https:\/\/www.sekundomer.ee\/et\/wp-json\/wp\/v2\/posts\/170841\/revisions"}],"wp:featuredmedia":[{"embeddable":true,"href":"https:\/\/www.sekundomer.ee\/et\/wp-json\/wp\/v2\/media\/170842"}],"wp:attachment":[{"href":"https:\/\/www.sekundomer.ee\/et\/wp-json\/wp\/v2\/media?parent=170841"}],"wp:term":[{"taxonomy":"category","embeddable":true,"href":"https:\/\/www.sekundomer.ee\/et\/wp-json\/wp\/v2\/categories?post=170841"},{"taxonomy":"post_tag","embeddable":true,"href":"https:\/\/www.sekundomer.ee\/et\/wp-json\/wp\/v2\/tags?post=170841"}],"curies":[{"name":"wp","href":"https:\/\/api.w.org\/{rel}","templated":true}]}}