{"id":171230,"date":"2025-02-25T10:52:49","date_gmt":"2025-02-25T08:52:49","guid":{"rendered":"https:\/\/www.sekundomer.ee\/?p=171230"},"modified":"2025-02-25T10:52:49","modified_gmt":"2025-02-25T08:52:49","slug":"jani-sarajarvi-asus-u21-koondise-peatreeneriks-ja-noortekoondiste-juhiks","status":"publish","type":"post","link":"https:\/\/www.sekundomer.ee\/et\/uudised\/jani-sarajarvi-asus-u21-koondise-peatreeneriks-ja-noortekoondiste-juhiks\/","title":{"rendered":"Jani Saraj\u00e4rvi asus U21 koondise peatreeneriks ja noortekoondiste juhiks"},"content":{"rendered":"<p>Eesti noormeeste U21 koondise peatreeneri ja Eesti Jalgpalli Liidu (EJL) noortekoondiste juhina alustas t\u00f6\u00f6d soomlane Jani Saraj\u00e4rvi.<\/p>\n<p>Noortekoondiste juhina panustab Saraj\u00e4rvi Eesti j\u00e4relkasvukoondiste terviklikku arengusse, andes treeneritele tagasisidet ning koordineerides noortekoondiste m\u00e4ngu- ja treeningfilosoofia kujundamist ja elluviimist. Samuti on tema \u00fclesanne toetada noortekoondiste personali v\u00e4rbamist ning \u00fchtsete kvaliteedistandardite kehtestamist nii poiste kui ka t\u00fcdrukute koondistele.<\/p>\n<p>45-aastase Saraj\u00e4rvi m\u00e4ngijakarj\u00e4\u00e4r m\u00f6\u00f6dus Soome ja Rootsi k\u00f5rgliigaklubides ja ta on 2005. aastal esindanud \u00fches m\u00e4ngus ka Soome koondist. Treenerina on ta varem t\u00f6\u00f6tanud Soome k\u00f5rgliiga klubides VPS ja HJK, Ecuadori tippklubis Independiente del Valle ning Gambia, Filipiinide ja Mali rahvuskoondises. 2024. aasta alguses juhendas Saraj\u00e4rvi A. Le Coq Premium liigas v\u00f5istelnud FC N\u00f5mme Unitedit.<\/p>\n<p>Saraj\u00e4rvi on sporditeaduskonna doktorant Lissaboni \u00fclikoolis, tal on sporditeaduse magistrikraad Jyv\u00e4skyl\u00e4 \u00fclikoolist ning ta on avaldanud teadusartikleid ja tekste jalgpallioskuste ja m\u00e4ngija arengu kohta.<\/p>\n<p>Lisaks Saraj\u00e4rvile kuuluvad U21 koondise personali v\u00e4ravavahtide treener Aiko Orgla, kehalise ettevalmistuse treener Karel K\u00fcbar ja m\u00e4ned\u017eer Silver Jurno. Veel on selgumas U21 koondise abitreener, f\u00fcsioterapeudid ja arst.<\/p>\n<p>U21 koondist ootab sel aastal ees EM-valikturniir, kus kohtutakse Prantsusmaa, \u0160veitsi, Islandi, F\u00e4\u00e4ri saarte ja Luksemburgiga. Esimese m\u00e4ngu valiksarjas peab Eesti 7. juunil v\u00f5\u00f5rsil, esimene kodum\u00e4ng peetakse 5. septembril \u0160veitsiga.<\/p>\n<p><i>Pressiteade<br \/>\nPildil Jani Saraj\u00e4rvi. Foto: Liisi Troska\/jalgpall.ee<\/i><\/p>\n","protected":false},"excerpt":{"rendered":"<p>Eesti noormeeste U21 koondise peatreeneri ja Eesti Jalgpalli Liidu (EJL) noortekoondiste juhina alustas t\u00f6\u00f6d soomlane Jani Saraj\u00e4rvi. Noortekoondiste juhina panustab Saraj\u00e4rvi Eesti j\u00e4relkasvukoondiste terviklikku arengusse, andes treeneritele tagasisidet ning koordineerides noortekoondiste m\u00e4ngu- ja treeningfilosoofia kujundamist ja elluviimist. Samuti on tema \u00fclesanne toetada noortekoondiste personali v\u00e4rbamist ning \u00fchtsete kvaliteedistandardite kehtestamist nii poiste kui ka t\u00fcdrukute koondistele. [&hellip;]<\/p>\n","protected":false},"author":80,"featured_media":171231,"comment_status":"open","ping_status":"open","sticky":false,"template":"","format":"standard","meta":{"_seopress_robots_primary_cat":"none","_seopress_titles_title":"","_seopress_titles_desc":"","_seopress_robots_index":"","footnotes":""},"categories":[203,142],"tags":[1361],"class_list":{"0":"post-171230","1":"post","2":"type-post","3":"status-publish","4":"format-standard","5":"has-post-thumbnail","7":"category-jalgpall","8":"category-uudised","9":"tag-jani-sarajarvi"},"_links":{"self":[{"href":"https:\/\/www.sekundomer.ee\/et\/wp-json\/wp\/v2\/posts\/171230","targetHints":{"allow":["GET"]}}],"collection":[{"href":"https:\/\/www.sekundomer.ee\/et\/wp-json\/wp\/v2\/posts"}],"about":[{"href":"https:\/\/www.sekundomer.ee\/et\/wp-json\/wp\/v2\/types\/post"}],"author":[{"embeddable":true,"href":"https:\/\/www.sekundomer.ee\/et\/wp-json\/wp\/v2\/users\/80"}],"replies":[{"embeddable":true,"href":"https:\/\/www.sekundomer.ee\/et\/wp-json\/wp\/v2\/comments?post=171230"}],"version-history":[{"count":0,"href":"https:\/\/www.sekundomer.ee\/et\/wp-json\/wp\/v2\/posts\/171230\/revisions"}],"wp:featuredmedia":[{"embeddable":true,"href":"https:\/\/www.sekundomer.ee\/et\/wp-json\/wp\/v2\/media\/171231"}],"wp:attachment":[{"href":"https:\/\/www.sekundomer.ee\/et\/wp-json\/wp\/v2\/media?parent=171230"}],"wp:term":[{"taxonomy":"category","embeddable":true,"href":"https:\/\/www.sekundomer.ee\/et\/wp-json\/wp\/v2\/categories?post=171230"},{"taxonomy":"post_tag","embeddable":true,"href":"https:\/\/www.sekundomer.ee\/et\/wp-json\/wp\/v2\/tags?post=171230"}],"curies":[{"name":"wp","href":"https:\/\/api.w.org\/{rel}","templated":true}]}}