{"id":171237,"date":"2025-02-25T22:39:09","date_gmt":"2025-02-25T20:39:09","guid":{"rendered":"https:\/\/www.sekundomer.ee\/?p=171237"},"modified":"2025-02-25T22:40:40","modified_gmt":"2025-02-25T20:40:40","slug":"tomingas-ja-kulm-osalevad-otepaa-ibu-karikasarja-voistlustel","status":"publish","type":"post","link":"https:\/\/www.sekundomer.ee\/et\/uudised\/tomingas-ja-kulm-osalevad-otepaa-ibu-karikasarja-voistlustel\/","title":{"rendered":"Tuuli Tomingas ja Susan K\u00fclm osalevad Otep\u00e4\u00e4 IBU karikasarja v\u00f5istlustel"},"content":{"rendered":"<div class=\"BL3dva\">\n<div class=\"OSxNQL\">\n<div class=\"OFA52E CBJRSV\">\n<p class=\"cD_92h y3TPob\" data-hook=\"post-title\">Neljap\u00e4eval, 6. m\u00e4rtsil avatakse Otep\u00e4\u00e4l laskesuusatamise IBU karikasarja v\u00f5istlused, kus osaleb \u00fcle 250 laskesuusataja 37 riigist. Eesti koondise eest astuvad teiste seas stardijoonele Tuuli Tomingas ja Susan K\u00fclm, vahendab biathlon.ee<\/p>\n<p data-hook=\"post-title\">Otep\u00e4\u00e4l peetakse 6.\u201315. m\u00e4rtsini IBU karikasarja kaks finaaletappi. Esimesel v\u00f5istlusn\u00e4dalal ehk hooaja eelviimasel etapil on kavas sprint, j\u00e4lituss\u00f5it ja \u00fchisstardist s\u00f5it, teisel n\u00e4dalal ehk hooaja viimasel etapil l\u00fchike individuaaldistants, sprint ja segateates\u00f5idud. \u201cHetkel on lumeolud Otep\u00e4\u00e4l v\u00e4ga head, staadion ja k\u00f5ik n\u00f5utud v\u00f5istlusringid on IBU karikasarja v\u00f5istlusteks ette valmistatud,\u201d \u00fctles v\u00f5istluskomitee esimees Hillar Zahkna.<\/p>\n<\/div>\n<\/div>\n<\/div>\n<div class=\"nLG8d5\" data-hook=\"post-description\">\n<article class=\"blog-post-page-font\">\n<div class=\"post-content__body stSKMK\">\n<div class=\"moHCnT\">\n<div class=\"moHCnT\">\n<div class=\"fTEXDR\" data-rce-version=\"10.120.2\">\n<div class=\"_9rhEd\" dir=\"ltr\" data-id=\"content-viewer\">\n<div class=\"zr1cm\">\n<div class=\"_04jTM\">\n<p data-hook=\"rcv-block1\">Eesti koondise eest astuvad Otep\u00e4\u00e4l teiste seas v\u00f5istlustulle Tuuli Tomingas ja Susan K\u00fclm. \u201cKuigi \u00fcritame hoolimata tihedast v\u00f5istluskalendrist kodustele v\u00f5istlustele alati v\u00e4hemalt m\u00f5ne Eesti tipu v\u00f5istlema tuua, siis sel korral teeme seda eelk\u00f5ige vaatega 2027. aasta IBU maailmameistriv\u00f5istlustele,\u201d \u00fctles Eesti Laskesuusatamise F\u00f6deratsiooni spordidirektor Kauri K\u00f5iv, \u201cOtep\u00e4\u00e4l toetavad Tuulit ja Susanit nende isiklikud hooldemehed, kes otsivad just koduradadele sobivamaid suusavariante. Neid teadmisi saab kogu hooldemeeskond j\u00e4rgmisel ja \u00fclej\u00e4rgmisel aastal Otep\u00e4\u00e4 suurv\u00f5istlustel Eesti koondise huvides rakendada.\u201d<\/p>\n<p data-hook=\"rcv-block1\">Vahetult enne Otep\u00e4\u00e4 IBU karikasarja v\u00f5istluseid l\u00f5ppevad \u00d6stersundis IBU noorte ja juunioride maailmameistriv\u00f5istlused, kust liiguvad kaks parimat meesjuuniorit ja parim naisjuunior otse Nov\u00e9 M\u011bsto maailmakarikaetapile, kus on kavas meeste ja naiste teates\u00f5idud. \u201cSel hooajal on meesjuuniorid juba kuulunud teatemeeskonna p\u00f5hikoosseisu, kuid n\u00fc\u00fcd T\u0161ehhis avaneb ka parimal naisjuunioril v\u00f5imalus teha teatenaiskonnas maailmakarikasarja deb\u00fc\u00fct,\u201d \u00fctles\u00a0K\u00f5iv.<\/p>\n<p data-hook=\"rcv-block1\">Otep\u00e4\u00e4 IBU karikasarja v\u00f5istlused on k\u00f5igile pealtvaatajatele tasuta.<\/p>\n<\/div>\n<\/div>\n<\/div>\n<\/div>\n<\/div>\n<\/div>\n<\/div>\n<\/article>\n<\/div>\n","protected":false},"excerpt":{"rendered":"<p>Neljap\u00e4eval, 6. m\u00e4rtsil avatakse Otep\u00e4\u00e4l laskesuusatamise IBU karikasarja v\u00f5istlused, kus osaleb \u00fcle 250 laskesuusataja 37 riigist. Eesti koondise eest astuvad teiste seas stardijoonele Tuuli Tomingas ja Susan K\u00fclm, vahendab biathlon.ee Otep\u00e4\u00e4l peetakse 6.\u201315. m\u00e4rtsini IBU karikasarja kaks finaaletappi. Esimesel v\u00f5istlusn\u00e4dalal ehk hooaja eelviimasel etapil on kavas sprint, j\u00e4lituss\u00f5it ja \u00fchisstardist s\u00f5it, teisel n\u00e4dalal ehk hooaja [&hellip;]<\/p>\n","protected":false},"author":80,"featured_media":171238,"comment_status":"open","ping_status":"open","sticky":false,"template":"","format":"standard","meta":{"_seopress_robots_primary_cat":"none","_seopress_titles_title":"","_seopress_titles_desc":"","_seopress_robots_index":"","footnotes":""},"categories":[194,142],"tags":[],"class_list":{"0":"post-171237","1":"post","2":"type-post","3":"status-publish","4":"format-standard","5":"has-post-thumbnail","7":"category-laskesuusatamine","8":"category-uudised"},"_links":{"self":[{"href":"https:\/\/www.sekundomer.ee\/et\/wp-json\/wp\/v2\/posts\/171237","targetHints":{"allow":["GET"]}}],"collection":[{"href":"https:\/\/www.sekundomer.ee\/et\/wp-json\/wp\/v2\/posts"}],"about":[{"href":"https:\/\/www.sekundomer.ee\/et\/wp-json\/wp\/v2\/types\/post"}],"author":[{"embeddable":true,"href":"https:\/\/www.sekundomer.ee\/et\/wp-json\/wp\/v2\/users\/80"}],"replies":[{"embeddable":true,"href":"https:\/\/www.sekundomer.ee\/et\/wp-json\/wp\/v2\/comments?post=171237"}],"version-history":[{"count":0,"href":"https:\/\/www.sekundomer.ee\/et\/wp-json\/wp\/v2\/posts\/171237\/revisions"}],"wp:featuredmedia":[{"embeddable":true,"href":"https:\/\/www.sekundomer.ee\/et\/wp-json\/wp\/v2\/media\/171238"}],"wp:attachment":[{"href":"https:\/\/www.sekundomer.ee\/et\/wp-json\/wp\/v2\/media?parent=171237"}],"wp:term":[{"taxonomy":"category","embeddable":true,"href":"https:\/\/www.sekundomer.ee\/et\/wp-json\/wp\/v2\/categories?post=171237"},{"taxonomy":"post_tag","embeddable":true,"href":"https:\/\/www.sekundomer.ee\/et\/wp-json\/wp\/v2\/tags?post=171237"}],"curies":[{"name":"wp","href":"https:\/\/api.w.org\/{rel}","templated":true}]}}